{"id":52152,"date":"2021-07-12T13:12:41","date_gmt":"2021-07-12T13:12:41","guid":{"rendered":"https:\/\/kulturaktiv.org\/?p=52152"},"modified":"2024-01-25T15:34:07","modified_gmt":"2024-01-25T15:34:07","slug":"unsichtbare-synagogen","status":"publish","type":"post","link":"https:\/\/kulturaktiv.org\/en\/unsichtbare-synagogen\/","title":{"rendered":"Unsichtbare Synagogen"},"content":{"rendered":"\n<figure class=\"wp-block-image alignfull size-full is-style-default\"><img loading=\"lazy\" decoding=\"async\" width=\"2845\" height=\"737\" src=\"https:\/\/kulturaktiv.org\/wp-content\/uploads\/2021\/07\/Logo_Unsichtbare-Synagogen.png\" alt=\"\" class=\"wp-image-50477\" srcset=\"https:\/\/kulturaktiv.org\/wp-content\/uploads\/2021\/07\/Logo_Unsichtbare-Synagogen.png 2845w, https:\/\/kulturaktiv.org\/wp-content\/uploads\/2021\/07\/Logo_Unsichtbare-Synagogen-1536x398.png 1536w, https:\/\/kulturaktiv.org\/wp-content\/uploads\/2021\/07\/Logo_Unsichtbare-Synagogen-2048x531.png 2048w, https:\/\/kulturaktiv.org\/wp-content\/uploads\/2021\/07\/Logo_Unsichtbare-Synagogen-1320x342.png 1320w\" sizes=\"auto, (max-width: 2845px) 100vw, 2845px\" \/><\/figure>\n\n\n\n<p class=\"has-text-align-center\"><a href=\"#project\">About the project<\/a> <strong>\u00b7<\/strong> <a href=\"#mag-neuropa\">MAGnEUROPA<\/a> <strong>\u00b7<\/strong> <a href=\"#events\">Events<\/a> <strong>\u00b7<\/strong> <a href=\"#news\">News<\/a> <strong>\u00b7<\/strong> <a href=\"#contact\">Contact<\/a><\/p>\n\n\n\n<hr class=\"wp-block-separator aligncenter has-text-color has-alpha-channel-opacity has-background is-style-default\" style=\"background-color:#1e5d98;color:#1e5d98\"\/>\n\n\n\n<h4 class=\"wp-block-heading\">A photographic project by \u0160t\u011bp\u00e1n Barto\u0161 about the Jewish places of worship in Bohemia that disappeared during the Protectorate period, the post-war period 1945-1948 and the long period of communist totalitarianism until 1989.<\/h4>\n\n\n\n<hr class=\"wp-block-separator aligncenter has-text-color has-alpha-channel-opacity has-background is-style-default\" style=\"background-color:#1e5d98;color:#1e5d98\"\/>\n\n\n\n<p id=\"project\">During certain periods of the last century, two criminal regimes, which caused immeasurable personal and material damage, ruled over the territory where the Czech Republic is now a state entity. Since 1938 it was German National Socialism and in the post-war period Communism imported from the Soviet Union. Both totalitarian systems had several things in common. One of them was anti-Semitism &#8211; whether loudly vulgarly declared in Germany or partially disguised as a fight against Zionism in Stalinist Czechoslovakia.<\/p>\n\n\n\n<p>The tragedies it caused for millions of people are now common knowledge. Besides the wasted lives, this period also brought great damage to Jewish material culture.<br>Since the Middle Ages, synagogues have been at the centre of the religious, educational and social life of Jewish communities. The 19th century in particular brought considerable emancipation, which manifested itself outwardly in remarkable architectural achievements, often inspired by the diverse architectural styles of the past.<br>The synagogue thus became an unmissable part of the urban design of many Czech towns and villages. Sometimes as a stately temple at a prestigious address, elsewhere and more often as a more modest building in the Jewish quarter of the village.<\/p>\n\n\n\n<p>Already the first half of the 20th century, however, brought a certain decline. Some Jewish communities disappeared, religious life was concentrated in larger congregations, and many synagogues no longer served religious purposes or were used only sporadically. A decisive turning point was the Nazi pogrom in November 1938, known as &#8220;Kristallnacht&#8221;, which in an instant caused irreparable damage to the buildings and especially to the interior furnishings, which were desecrated and destroyed in what was then already the seceded territory of Czechoslovakia.<\/p>\n\n\n\n<p>The whole subsequent period &#8211; the Protectorate of Bohemia and Moravia, the post-war period 1945-1948 and the long period of communist totalitarianism until 1989 completed the work of destruction. The synagogues without their mostly murdered visitors fell into disrepair, were rebuilt and devalued. The regime, with no regard for history and no sense of beauty, redeveloped entire neighbourhoods for the construction of soulless housing estates, oversized car parks or ostentatious communist palaces.<\/p>\n\n\n\n<p>In the photos we see the places where synagogues used to stand. Most of them disappeared between 1938 and 1989. Sometimes it is obvious that &#8220;something is missing&#8221; from the picture &#8211; only the synagogue has disappeared and other buildings in a similar architectural style have remained. This is especially true of the aftermath of Kristallnacht in the Sudetenland. Most of the time, however, it is difficult to imagine the original urban situation of a place through which the so-called construction of socialism swept. It was sometimes quite difficult for the author to find the right place to create the picture\u2026<\/p>\n\n\n\n<hr class=\"wp-block-separator aligncenter has-text-color has-alpha-channel-opacity has-background is-style-default\" style=\"background-color:#1e5d98;color:#1e5d98\"\/>\n\n\n\n<h3 class=\"wp-block-heading\" id=\"mag-neuropa\">MAGnEUROPA<\/h3>\n\n\n\n<div class=\"wp-block-columns has-white-background-color has-background is-layout-flex wp-container-core-columns-is-layout-d0b3c9c8 wp-block-columns-is-layout-flex\">\n<div class=\"wp-block-column is-vertically-aligned-center is-layout-flow wp-block-column-is-layout-flow\" style=\"--col-width:40%;flex-basis:40%\">\n<figure class=\"wp-block-image aligncenter size-full is-style-tw-shadow\"><a href=\"https:\/\/kulturaktiv.org\/en\/magneuropa-unsichtbare-synagogen\/\"><img loading=\"lazy\" decoding=\"async\" width=\"1588\" height=\"1119\" src=\"https:\/\/kulturaktiv.org\/wp-content\/uploads\/2021\/10\/mag-neuropa_unischtbare-synagogen.jpg\" alt=\"\" class=\"wp-image-52350\" srcset=\"https:\/\/kulturaktiv.org\/wp-content\/uploads\/2021\/10\/mag-neuropa_unischtbare-synagogen.jpg 1588w, https:\/\/kulturaktiv.org\/wp-content\/uploads\/2021\/10\/mag-neuropa_unischtbare-synagogen-1536x1082.jpg 1536w, https:\/\/kulturaktiv.org\/wp-content\/uploads\/2021\/10\/mag-neuropa_unischtbare-synagogen-1320x930.jpg 1320w\" sizes=\"auto, (max-width: 1588px) 100vw, 1588px\" \/><\/a><\/figure>\n<\/div>\n\n\n\n<div style=\"--col-width:;\" class=\"wp-block-column is-vertically-aligned-center is-layout-flow wp-block-column-is-layout-flow\">\n<p>Accompanying the exhibition in the photo-gallery <a href=\"https:\/\/kulturaktiv.org\/en\/galerie-neuropa\/\" data-type=\"post\" data-id=\"49482\">Galerie nEUROPA<\/a>, the MAGnEUROPA was published.<\/p>\n\n\n\n<p>The small exhibition catalogue is available for purchase.<\/p>\n\n\n\n<div class=\"wp-block-buttons is-content-justification-center is-layout-flex wp-container-core-buttons-is-layout-a89b3969 wp-block-buttons-is-layout-flex\">\n<div class=\"wp-block-button\"><a class=\"wp-block-button__link wp-element-button\" href=\"https:\/\/kulturaktiv.org\/en\/magneuropa-unsichtbare-synagogen\/\">Reading sample<\/a><\/div>\n<\/div>\n<\/div>\n<\/div>\n\n\n\n<hr class=\"wp-block-separator aligncenter has-text-color has-alpha-channel-opacity has-background is-style-default\" style=\"background-color:#1e5d98;color:#1e5d98\"\/>\n\n\n\n<h3 class=\"wp-block-heading\" id=\"events\">Events<\/h3>\n\n\n\n<p>In addition to a <a href=\"https:\/\/unsichtbaresynagogen.eu\/\">website<\/a> showing all the photographed sites, several photo exhibitions with a selection of the sites will be presented in the Czech Republic and Germany. The surface of the photographs will be mechanically or thermally processed to suggest the outlines of the synagogues that once stood there.<\/p>\n\n\n\n<div class=\"wp-block-group is-layout-constrained wp-block-group-is-layout-constrained\"><div class=\"em em-view-container\" id=\"em-view-628973155\" data-view=\"list\">\r\n\t<div class=\"em-list em-events-list\" id=\"em-events-list-628973155\" data-view-id=\"628973155\">\r\n\t<ul class=\"is-layout-flow is-flex-container columns-3 alignwide wp-block-post-template\"><li class=\"wp-block-post\">\r\n\t<div class=\"is-layout-constrained wp-block-group tw-height-100 tw-shadow\" style=\"background:#fff;border-width:0px;border-radius:2px;padding-top:0;padding-right:0;padding-bottom:0;padding-left:0\">\r\n\t\t<div class=\"is-layout-constrained wp-block-group\">\r\n\t\t\t<a class=\"emm_link\" href=\"https:\/\/kulturaktiv.org\/en\/events\/invisible-synagoges-in-bohemia-and-moravia\/\"><img src='https:\/\/kulturaktiv.org\/wp-content\/uploads\/2024\/01\/Unsichtbare-Synagogen-2024-slider-mobil.jpg' alt='INVISIBLE SYNAGOGES in Bohemia and Moravia'\/><\/a>\r\n\t\t\t<div class=\"emm\">\r\n\t\t\t\t<a href=\"https:\/\/kulturaktiv.org\/en\/events\/invisible-synagoges-in-bohemia-and-moravia\/\">\r\n\t\t\t\t<div class=\"emm_datum\"><b>25. Jan <span class=\"emm_year\">2024<\/span> \u2013 31. Mar <span class=\"emm_year\">2024<\/span><\/b><\/div>\r\n\t\t\t\t<\/a>\r\n\t\t\t\t<span class=\"emm_projekt\"><a href=\"https:\/\/kulturaktiv.org\/en\/unsichtbare-synagogen\/\">Unsichtbare Synagogen<\/a><\/span><span class=\"emm_projekt2\"> <\/span>\r\n\t\t\t\t<h2 class=\"emm_eventname\"><a href=\"https:\/\/kulturaktiv.org\/en\/events\/invisible-synagoges-in-bohemia-and-moravia\/\">INVISIBLE SYNAGOGES in Bohemia and Moravia<\/a><\/h2>\r\n\t\t\t\t<div class=\"emm_update\">\r\n\t\t\t\t<span class=\"emm_update\"><\/span>\r\n\t\t\t\t<\/div>\r\n\t\t\t\t<\/div>\r\n\t\t<\/div>\r\n\t<\/div>\r\n<\/li><li class=\"wp-block-post\">\r\n\t<div class=\"is-layout-constrained wp-block-group tw-height-100 tw-shadow\" style=\"background:#fff;border-width:0px;border-radius:2px;padding-top:0;padding-right:0;padding-bottom:0;padding-left:0\">\r\n\t\t<div class=\"is-layout-constrained wp-block-group\">\r\n\t\t\t<a class=\"emm_link\" href=\"https:\/\/kulturaktiv.org\/en\/events\/stepan-bartos-unsichtbare-synagogen-2\/\"><img src='https:\/\/kulturaktiv.org\/wp-content\/uploads\/2023\/01\/unsichtbare-synagogen-zittau.jpg' alt='\u0160t\u011bp\u00e1n Barto\u0161 \u2013 Unsichtbare Synagogen'\/><\/a>\r\n\t\t\t<div class=\"emm\">\r\n\t\t\t\t<a href=\"https:\/\/kulturaktiv.org\/en\/events\/stepan-bartos-unsichtbare-synagogen-2\/\">\r\n\t\t\t\t<div class=\"emm_datum\"><b>26. Jan <span class=\"emm_year\">2023<\/span> \u2013 31. Mar <span class=\"emm_year\">2023<\/span><\/b><\/div>\r\n\t\t\t\t<\/a>\r\n\t\t\t\t<span class=\"emm_projekt\"><a href=\"https:\/\/kulturaktiv.org\/unsichtbare-synagogen\/\">Unsichtbare Synagogen<\/a><\/span><span class=\"emm_projekt2\"> <\/span>\r\n\t\t\t\t<h2 class=\"emm_eventname\"><a href=\"https:\/\/kulturaktiv.org\/en\/events\/stepan-bartos-unsichtbare-synagogen-2\/\">\u0160t\u011bp\u00e1n Barto\u0161 \u2013 Unsichtbare Synagogen<\/a><\/h2>\r\n\t\t\t\t<div class=\"emm_update\">\r\n\t\t\t\t<span class=\"emm_update\"><\/span>\r\n\t\t\t\t<\/div>\r\n\t\t\t\t<\/div>\r\n\t\t<\/div>\r\n\t<\/div>\r\n<\/li><li class=\"wp-block-post\">\r\n\t<div class=\"is-layout-constrained wp-block-group tw-height-100 tw-shadow\" style=\"background:#fff;border-width:0px;border-radius:2px;padding-top:0;padding-right:0;padding-bottom:0;padding-left:0\">\r\n\t\t<div class=\"is-layout-constrained wp-block-group\">\r\n\t\t\t<a class=\"emm_link\" href=\"https:\/\/kulturaktiv.org\/en\/events\/unsichtbare-synagogen-dresden\/\"><img src='https:\/\/kulturaktiv.org\/wp-content\/uploads\/2021\/09\/Unsichtbare-Synagogen.jpg' alt='\u0160t\u011bp\u00e1n Barto\u0161 - Unsichtbare Synagogen'\/><\/a>\r\n\t\t\t<div class=\"emm\">\r\n\t\t\t\t<a href=\"https:\/\/kulturaktiv.org\/en\/events\/unsichtbare-synagogen-dresden\/\">\r\n\t\t\t\t<div class=\"emm_datum\"><b>15. Oct <span class=\"emm_year\">2021<\/span> \u2013 1. Dec <span class=\"emm_year\">2021<\/span><\/b><\/div>\r\n\t\t\t\t<\/a>\r\n\t\t\t\t<span class=\"emm_projekt\"><a href=\"https:\/\/kulturaktiv.org\/galerie-neuropa\/\">Galerie nEUROPA<\/a><\/span><span class=\"emm_projekt2\"> <a href=\"https:\/\/kulturaktiv.org\/pragomania\/\">Pragomania<\/a><\/span>\r\n\t\t\t\t<h2 class=\"emm_eventname\"><a href=\"https:\/\/kulturaktiv.org\/en\/events\/unsichtbare-synagogen-dresden\/\">\u0160t\u011bp\u00e1n Barto\u0161 &#8211; Unsichtbare Synagogen<\/a><\/h2>\r\n\t\t\t\t<div class=\"emm_update\">\r\n\t\t\t\t<span class=\"emm_update\"><\/span>\r\n\t\t\t\t<\/div>\r\n\t\t\t\t<\/div>\r\n\t\t<\/div>\r\n\t<\/div>\r\n<\/li><\/ul><div class=\"em-pagination em-ajax\" data-em-ajax=\"id=628973155&amp;limit=3&amp;scope=all&amp;order=DESC&amp;tag=unsichtbare-synagogen-2021-en&amp;action=search_events\"> <span class=\"page-numbers current\">1<\/span> <a class=\"page-numbers\" href=\"\/en\/wp-json\/wp\/v2\/posts\/52152?pno=2\" title=\"2\">2<\/a>  <a class=\"next page-numbers\" href=\"\/en\/wp-json\/wp\/v2\/posts\/52152?pno=2\" title=\"2\">&gt;<\/a>  <\/div>\t<\/div>\r\n<\/div>\n<\/div>\n\n\n\n<hr class=\"wp-block-separator aligncenter has-text-color has-alpha-channel-opacity has-background is-style-default\" style=\"background-color:#1e5d98;color:#1e5d98\"\/>\n\n\n\n<div class=\"wp-block-columns news has-white-background-color has-background is-layout-flex wp-container-core-columns-is-layout-d0b3c9c8 wp-block-columns-is-layout-flex\" id=\"news\">\n<div style=\"--col-width:;\" class=\"wp-block-column is-vertically-aligned-top is-layout-flow wp-block-column-is-layout-flow\"><ul class=\"wp-block-latest-posts__list has-dates tw-stretched-link is-style-default wp-block-latest-posts\"><li><div class=\"wp-block-latest-posts__featured-image alignleft\"><a href=\"https:\/\/kulturaktiv.org\/en\/unsichtbare-synagogen-exhibition-venues-sought\/\" aria-label=\"Unsichtbare Synagogen &#8211; Exhibition venues sought\"><img loading=\"lazy\" decoding=\"async\" width=\"692\" height=\"568\" src=\"https:\/\/kulturaktiv.org\/wp-content\/uploads\/2021\/07\/Unsichtbare-Synagogen_Ausstellungsorte-gesucht-2.jpg\" class=\"attachment-large size-large wp-post-image\" alt=\"\" style=\"\" \/><\/a><\/div><a class=\"wp-block-latest-posts__post-title\" href=\"https:\/\/kulturaktiv.org\/en\/unsichtbare-synagogen-exhibition-venues-sought\/\">Unsichtbare Synagogen &#8211; Exhibition venues sought<\/a><time datetime=\"2021-07-12T14:07:53+02:00\" class=\"wp-block-latest-posts__post-date\">12. July 2021<\/time><div class=\"wp-block-latest-posts__post-excerpt\">Unsichtbare Synagogen is a photographic project by \u0160t\u011bp\u00e1n Barto\u0161 about the Jewish places of worship in Bohemia that disappeared during the Protectorate period, the post-war period 1945-1948 and the long period of communist totalitarianism until 1989. In order to give the project even more visibility in Germany, other exhibition venues in Germany are currently being\u2026 <a class=\"wp-block-latest-posts__read-more\" href=\"https:\/\/kulturaktiv.org\/en\/unsichtbare-synagogen-exhibition-venues-sought\/\" rel=\"noopener noreferrer\">Read more<span class=\"screen-reader-text\">: Unsichtbare Synagogen &#8211; Exhibition venues sought<\/span><\/a><\/div><\/li>\n<\/ul><\/div>\n<\/div>\n\n\n\n<hr class=\"wp-block-separator aligncenter has-text-color has-alpha-channel-opacity has-background is-style-default\" style=\"background-color:#1e5d98;color:#1e5d98\"\/>\n\n\n\n<div id=\"contact\" class=\"wp-block-group has-transparent-background-color has-background tw-shadow is-layout-flow wp-block-group-is-layout-flow\">\n<h4 class=\"wp-block-heading\">Unsichtbare Synagogen &#8211; Neviditeln\u00e9 synagogy<\/h4>\n\n\n\n<div class=\"wp-block-columns is-layout-flex wp-container-core-columns-is-layout-d0b3c9c8 wp-block-columns-is-layout-flex\">\n<div class=\"wp-block-column is-layout-flow wp-block-column-is-layout-flow\">\n<p class=\"has-small-font-size\">A photographic project by \u0160t\u011bp\u00e1n Barto\u0161 about the Jewish places of worship in Bohemia that disappeared during the Protectorate period, the post-war period 1945-1948 and the long period of communist totalitarianism until 1989.<\/p>\n<\/div>\n\n\n\n<div class=\"wp-block-column is-layout-flow wp-block-column-is-layout-flow\">\n<p class=\"has-small-font-size\"><strong>Period<\/strong><br>07.2021 &#8211; 12.2021<\/p>\n\n\n\n<p class=\"has-small-font-size\"><strong>Leading partner<\/strong><br><a href=\"http:\/\/artspacenov.cz\/\">Art Space NOV,<\/a> Pardubice, Czech Republic<\/p>\n\n\n\n<p class=\"has-small-font-size\"><strong>Project members<\/strong><\/p>\n\n\n\n<p class=\"has-small-font-size\"><strong><em>Art Space NOV<\/em><\/strong><br><a href=\"https:\/\/stepanbartos.cz\/\">\u0160t\u011bp\u00e1n Barto\u0161<\/a> (Photographer, author and project coordinator)<br>Mgr. Ren\u00e1ta R\u016f\u017ei\u010dkov\u00e1, SOA Pardubice (Historian, Researcher)<br>Anna Vavre\u010dkov\u00e1 (Webmaster)<br>Ing. Jan Sl\u00e1ma (Consultant)<\/p>\n\n\n\n<p class=\"has-small-font-size\"><strong><em>Kultur Aktiv<\/em><\/strong><br>Simon Wolf (Exhibition curator)<\/p>\n<\/div>\n<\/div>\n\n\n\n<p class=\"has-small-font-size\"><strong>Supported and funded by<\/strong><\/p>\n\n\n\n<div class=\"wp-block-columns are-vertically-aligned-center is-layout-flex wp-container-core-columns-is-layout-d0b3c9c8 wp-block-columns-is-layout-flex\">\n<div class=\"wp-block-column is-vertically-aligned-center is-layout-flow wp-block-column-is-layout-flow\">\n<figure class=\"wp-block-image aligncenter size-full is-resized\"><a href=\"http:\/\/artspacenov.cz\/\"><img loading=\"lazy\" decoding=\"async\" width=\"1000\" height=\"1400\" src=\"https:\/\/kulturaktiv.org\/wp-content\/uploads\/2021\/07\/Logo_Art-space-NOV.png\" alt=\"\" class=\"wp-image-50490\" style=\"width:142px;height:200px\"\/><\/a><\/figure>\n<\/div>\n\n\n\n<div class=\"wp-block-column is-vertically-aligned-center is-layout-flow wp-block-column-is-layout-flow\">\n<figure class=\"wp-block-image size-full is-resized\"><a href=\"https:\/\/www.fondbudoucnosti.cz\/de\/\"><img loading=\"lazy\" decoding=\"async\" width=\"1575\" height=\"1052\" src=\"https:\/\/kulturaktiv.org\/wp-content\/uploads\/2015\/05\/zukunftsfonds.jpg\" alt=\"\" class=\"wp-image-12632\" style=\"width:299px;height:200px\" srcset=\"https:\/\/kulturaktiv.org\/wp-content\/uploads\/2015\/05\/zukunftsfonds.jpg 1575w, https:\/\/kulturaktiv.org\/wp-content\/uploads\/2015\/05\/zukunftsfonds-1536x1026.jpg 1536w, https:\/\/kulturaktiv.org\/wp-content\/uploads\/2015\/05\/zukunftsfonds-1320x882.jpg 1320w, https:\/\/kulturaktiv.org\/wp-content\/uploads\/2015\/05\/zukunftsfonds-272x182.jpg 272w\" sizes=\"auto, (max-width: 1575px) 100vw, 1575px\" \/><\/a><\/figure>\n<\/div>\n<\/div>\n\n\n\n<div class=\"wp-block-columns are-vertically-aligned-center is-layout-flex wp-container-core-columns-is-layout-d0b3c9c8 wp-block-columns-is-layout-flex\">\n<div class=\"wp-block-column is-vertically-aligned-center is-layout-flow wp-block-column-is-layout-flow\">\n<figure class=\"wp-block-image size-full\"><a href=\"https:\/\/pardubice.eu\/\"><img loading=\"lazy\" decoding=\"async\" width=\"400\" height=\"400\" src=\"https:\/\/kulturaktiv.org\/wp-content\/uploads\/2021\/10\/Pardubice_logo-1.jpg\" alt=\"\" class=\"wp-image-52344\" srcset=\"https:\/\/kulturaktiv.org\/wp-content\/uploads\/2021\/10\/Pardubice_logo-1.jpg 400w, https:\/\/kulturaktiv.org\/wp-content\/uploads\/2021\/10\/Pardubice_logo-1-300x300.jpg 300w, https:\/\/kulturaktiv.org\/wp-content\/uploads\/2021\/10\/Pardubice_logo-1-150x150.jpg 150w\" sizes=\"auto, (max-width: 400px) 100vw, 400px\" \/><\/a><\/figure>\n<\/div>\n\n\n\n<div class=\"wp-block-column is-vertically-aligned-center is-layout-flow wp-block-column-is-layout-flow\">\n<figure class=\"wp-block-image size-full\"><a href=\"https:\/\/fondholocaust.cz\/\"><img loading=\"lazy\" decoding=\"async\" width=\"768\" height=\"274\" src=\"https:\/\/kulturaktiv.org\/wp-content\/uploads\/2021\/10\/logo_nadacni-fond-obetem-holocaustu.jpeg\" alt=\"\" class=\"wp-image-52340\"\/><\/a><\/figure>\n<\/div>\n\n\n\n<div class=\"wp-block-column is-vertically-aligned-center is-layout-flow wp-block-column-is-layout-flow\">\n<figure class=\"wp-block-image size-full\"><a href=\"https:\/\/www.mkcr.cz\/?lang=cs\"><img loading=\"lazy\" decoding=\"async\" width=\"1288\" height=\"301\" src=\"https:\/\/kulturaktiv.org\/wp-content\/uploads\/2021\/10\/ministry-of-culture_czech-republic.jpg\" alt=\"\" class=\"wp-image-52338\"\/><\/a><\/figure>\n<\/div>\n<\/div>\n<\/div>\n","protected":false},"excerpt":{"rendered":"<p>A photographic project by \u0160t\u011bp\u00e1n Barto\u0161 about the Jewish places of worship in Bohemia that disappeared during the Protectorate period, the post-war period 1945-1948 and the long period of communist totalitarianism until 1989.<\/p>\n","protected":false},"author":2,"featured_media":50513,"comment_status":"closed","ping_status":"open","sticky":false,"template":"","format":"standard","meta":{"give_campaign_id":0,"footnotes":""},"categories":[704,484,720],"tags":[],"class_list":["post-52152","post","type-post","status-publish","format-standard","has-post-thumbnail","hentry","category-704","category-czechia","category-nodate-en"],"blocksy_meta":{"styles_descriptor":{"styles":{"desktop":"","tablet":"","mobile":""},"google_fonts":[],"version":6}},"_links":{"self":[{"href":"https:\/\/kulturaktiv.org\/en\/wp-json\/wp\/v2\/posts\/52152","targetHints":{"allow":["GET"]}}],"collection":[{"href":"https:\/\/kulturaktiv.org\/en\/wp-json\/wp\/v2\/posts"}],"about":[{"href":"https:\/\/kulturaktiv.org\/en\/wp-json\/wp\/v2\/types\/post"}],"author":[{"embeddable":true,"href":"https:\/\/kulturaktiv.org\/en\/wp-json\/wp\/v2\/users\/2"}],"replies":[{"embeddable":true,"href":"https:\/\/kulturaktiv.org\/en\/wp-json\/wp\/v2\/comments?post=52152"}],"version-history":[{"count":7,"href":"https:\/\/kulturaktiv.org\/en\/wp-json\/wp\/v2\/posts\/52152\/revisions"}],"predecessor-version":[{"id":70816,"href":"https:\/\/kulturaktiv.org\/en\/wp-json\/wp\/v2\/posts\/52152\/revisions\/70816"}],"wp:featuredmedia":[{"embeddable":true,"href":"https:\/\/kulturaktiv.org\/en\/wp-json\/wp\/v2\/media\/50513"}],"wp:attachment":[{"href":"https:\/\/kulturaktiv.org\/en\/wp-json\/wp\/v2\/media?parent=52152"}],"wp:term":[{"taxonomy":"category","embeddable":true,"href":"https:\/\/kulturaktiv.org\/en\/wp-json\/wp\/v2\/categories?post=52152"},{"taxonomy":"post_tag","embeddable":true,"href":"https:\/\/kulturaktiv.org\/en\/wp-json\/wp\/v2\/tags?post=52152"}],"curies":[{"name":"wp","href":"https:\/\/api.w.org\/{rel}","templated":true}]}}