{"id":62222,"date":"2018-08-06T13:45:05","date_gmt":"2018-08-06T13:45:05","guid":{"rendered":"https:\/\/kulturaktiv.org\/?p=62222"},"modified":"2024-09-10T12:28:52","modified_gmt":"2024-09-10T12:28:52","slug":"magneuropa-yuri-mechitov","status":"publish","type":"post","link":"https:\/\/kulturaktiv.org\/en\/magneuropa-yuri-mechitov\/","title":{"rendered":"MAGnEUROPA Yuri Mechitov"},"content":{"rendered":"\n<div class=\"wp-block-columns alignwide are-vertically-aligned-top is-layout-flex wp-container-core-columns-is-layout-bd9c8c29 wp-block-columns-is-layout-flex\" style=\"margin-top:var(--wp--preset--spacing--70);margin-bottom:var(--wp--preset--spacing--70)\">\n<div class=\"wp-block-column is-vertically-aligned-top is-layout-flow wp-block-column-is-layout-flow\">\n<figure class=\"wp-block-image alignwide size-full tw-mb-7 tw-mt-0\"><img loading=\"lazy\" decoding=\"async\" width=\"794\" height=\"559\" src=\"https:\/\/kulturaktiv.org\/wp-content\/uploads\/2018\/08\/KulturAktiv-MAGnEUROPA-2017-1-Yuri-Mechitov-cover.jpg\" alt=\"\" class=\"wp-image-24624\"\/><\/figure>\n\n\n\n<div class=\"wp-block-group alignwide has-palette-color-5-background-color has-background is-layout-flow wp-block-group-is-layout-flow\">\n<p><strong>Redaktion<\/strong><br>Alexander Nym, Simon Wolf und Holger Wendland<\/p>\n\n\n\n<p><strong>Sprache<\/strong><br>Deutsch<\/p>\n\n\n\n<p><strong>Printausgabe<br><\/strong>3 Euro (+ Versandgeb\u00fchren)<br>Verkauf im B\u00fcro oder Bestellung unter <a href=\"mailto:info@kulturaktiv.org\">info@kulturaktiv.org<\/a><\/p>\n\n\n\n<p><strong>Digitale Ausgabe<\/strong><\/p>\n\n\n\n<div class=\"wp-block-buttons is-layout-flex wp-block-buttons-is-layout-flex\">\n<div class=\"wp-block-button\"><a class=\"wp-block-button__link wp-element-button\" href=\"https:\/\/kulturaktiv.org\/wp-content\/uploads\/2018\/08\/KulturAktiv-MAGnEUROPA-2017-1-Yuri-Mechitov.pdf\"><strong>Download<\/strong><\/a><\/div>\n<\/div>\n\n\n\n<p>\u00a9 Kultur Aktiv e.V. | 2017<\/p>\n<\/div>\n<\/div>\n\n\n\n<div class=\"wp-block-column is-vertically-aligned-top is-layout-flow wp-block-column-is-layout-flow\" style=\"padding-top:var(--wp--preset--spacing--60);padding-right:var(--wp--preset--spacing--60);padding-bottom:var(--wp--preset--spacing--60);padding-left:var(--wp--preset--spacing--60)\">\n<h3 class=\"wp-block-heading tw-mt-10\">Inhalt<\/h3>\n\n\n\n<p><strong>Farewell to the past<\/strong><\/p>\n\n\n\n<p>Sehr viele Gegenst\u00e4nde, die Teil unserer Vergangenheit waren, sind verschwunden, existieren nicht mehr. Wer nutzt noch altmodische Tonb\u00e4nder, Kassettenrekorder, Plattenspieler oder eine mechanische Rechenmaschine? Wer setzt noch echtes Filmmaterial zum Photographieren und beim Filmdrehen ein? Der gnadenlose technische Fortschritt fegte Derartiges mit seinem digitalen Besen hinweg. Nirgendwo mehr k\u00f6chelt leise das Wasser in einem Samowar. Das Lesen von B\u00fcchern und Briefeschreiben ist zum Anachronismus geworden. Schnell trennen sich Menschen von Dingen, die f\u00fcr sie nutzlos geworden sind! Ich suchte f\u00fcr dieses Projekt einen simplen, f\u00fcr sein h\u00fcbsches Ger\u00e4usch bekannten Kreisel. Es war mir unm\u00f6glich, ein bemaltes Schaukelpferd aus Holz oder Pappmach\u00e9 aufzutreiben, obwohl diese in den 1950er- und 60er-Jahren sehr beliebt waren.<\/p>\n\n\n\n<p>Schnell entledigen wir uns all der Orden, Medaillen, Ehrenurkunden, Flaggen und B\u00fcsten der vergangenen Epoche und \u00fcberlassen sie der Obhut der ideologisch neutralen Flohm\u00e4rkte. Ich glaube, \u00e4ltere Menschen (mich eingeschlossen) sind irritiert vom Anblick all der Plasmabildschirme, Smartphones und iPods mit denen daran festzuklebend scheinenden jungen Menschen, die den Anschluss an das Informationsuniversum f\u00fcr selbstverst\u00e4ndlich halten und die keine Vorstellung mehr von dem Leben haben, das dahingegangen ist. Diese Art unerkl\u00e4rbarer Besorgnis f\u00fcr die junge Generation inspirierte mich bei der Aufnahme dieser Bilder. Ich bin nicht \u00fcber alle der entstandenen Bilder gl\u00fccklich, aber manche davon mag ich wirklich sehr.<\/p>\n\n\n\n<p class=\"has-small-font-size\"><em>Yuri Mechitov<\/em><\/p>\n<\/div>\n<\/div>\n","protected":false},"excerpt":{"rendered":"<p>Exhibition catalogue<br \/>Yuri Mechitov \u2013 farewell to the past<\/p>\n","protected":false},"author":3,"featured_media":62274,"comment_status":"closed","ping_status":"closed","sticky":false,"template":"","format":"standard","meta":{"give_campaign_id":0,"footnotes":""},"categories":[606],"tags":[],"class_list":["post-62222","post","type-post","status-publish","format-standard","has-post-thumbnail","hentry","category-mag-neuropa-en"],"blocksy_meta":{"styles_descriptor":{"styles":{"desktop":"","tablet":"","mobile":""},"google_fonts":[],"version":6}},"_links":{"self":[{"href":"https:\/\/kulturaktiv.org\/en\/wp-json\/wp\/v2\/posts\/62222","targetHints":{"allow":["GET"]}}],"collection":[{"href":"https:\/\/kulturaktiv.org\/en\/wp-json\/wp\/v2\/posts"}],"about":[{"href":"https:\/\/kulturaktiv.org\/en\/wp-json\/wp\/v2\/types\/post"}],"author":[{"embeddable":true,"href":"https:\/\/kulturaktiv.org\/en\/wp-json\/wp\/v2\/users\/3"}],"replies":[{"embeddable":true,"href":"https:\/\/kulturaktiv.org\/en\/wp-json\/wp\/v2\/comments?post=62222"}],"version-history":[{"count":4,"href":"https:\/\/kulturaktiv.org\/en\/wp-json\/wp\/v2\/posts\/62222\/revisions"}],"predecessor-version":[{"id":73288,"href":"https:\/\/kulturaktiv.org\/en\/wp-json\/wp\/v2\/posts\/62222\/revisions\/73288"}],"wp:featuredmedia":[{"embeddable":true,"href":"https:\/\/kulturaktiv.org\/en\/wp-json\/wp\/v2\/media\/62274"}],"wp:attachment":[{"href":"https:\/\/kulturaktiv.org\/en\/wp-json\/wp\/v2\/media?parent=62222"}],"wp:term":[{"taxonomy":"category","embeddable":true,"href":"https:\/\/kulturaktiv.org\/en\/wp-json\/wp\/v2\/categories?post=62222"},{"taxonomy":"post_tag","embeddable":true,"href":"https:\/\/kulturaktiv.org\/en\/wp-json\/wp\/v2\/tags?post=62222"}],"curies":[{"name":"wp","href":"https:\/\/api.w.org\/{rel}","templated":true}]}}