{"id":62226,"date":"2018-08-07T10:39:23","date_gmt":"2018-08-07T10:39:23","guid":{"rendered":"https:\/\/kulturaktiv.org\/?p=62226"},"modified":"2022-11-24T10:27:41","modified_gmt":"2022-11-24T10:27:41","slug":"magneuropa-maider-kuadra","status":"publish","type":"post","link":"https:\/\/kulturaktiv.org\/en\/magneuropa-maider-kuadra\/","title":{"rendered":"MAGnEUROPA Maider Kuadra"},"content":{"rendered":"\n<div class=\"wp-block-columns alignwide tw-gutter-no tw-cols-card tw-cols-card-border is-layout-flex wp-container-core-columns-is-layout-d0b3c9c8 wp-block-columns-is-layout-flex\">\n<div class=\"wp-block-column is-layout-flow wp-block-column-is-layout-flow\">\n<figure class=\"wp-block-image alignwide size-full tw-mb-7 tw-mt-0\"><img loading=\"lazy\" decoding=\"async\" width=\"582\" height=\"816\" src=\"https:\/\/kulturaktiv.org\/wp-content\/uploads\/2018\/08\/KulturAktiv-MAGnEUROPA-2018-2-Maider-Kuadra-cover.jpg\" alt=\"\" class=\"wp-image-24852\"\/><\/figure>\n\n\n\n<div class=\"wp-block-group alignwide has-palette-color-5-background-color has-background is-layout-flow wp-block-group-is-layout-flow\">\n<p><strong>Redaktion<\/strong><br>Simon Wolf, Holger Wendland<\/p>\n\n\n\n<p><strong>Sprache<\/strong><br>Deutsch<\/p>\n\n\n\n<p><strong>Printausgabe<br><\/strong>3 Euro<br>Verkauf im B\u00fcro<\/p>\n\n\n\n<p><strong>Digitale Ausgabe<\/strong><\/p>\n\n\n\n<div class=\"wp-block-buttons is-layout-flex wp-block-buttons-is-layout-flex\">\n<div class=\"wp-block-button\"><a class=\"wp-block-button__link wp-element-button\" href=\"https:\/\/kulturaktiv.org\/wp-content\/uploads\/2018\/08\/KulturAktiv-MAGnEUROPA-2018-2-Maider-Kuadra.pdf\">Download<\/a><\/div>\n<\/div>\n\n\n\n<p>\u00a9 Kultur Aktiv e.V. | 2018<\/p>\n<\/div>\n<\/div>\n\n\n\n<div class=\"wp-block-column is-vertically-aligned-top is-layout-flow wp-block-column-is-layout-flow\">\n<h3 class=\"tw-mt-10 wp-block-heading\">Inhalt<\/h3>\n\n\n\n<h2 class=\"wp-block-heading\">Silberne Bilder: Lichter aus dem Baskenland<\/h2>\n\n\n\n<p>Ein Portraits kann soziale, politische und \u00f6konomische Bedeutung haben und f\u00fcr viele Zwecke verwendet werden. Es ist ein Mittel, um unbekannte L\u00e4nder und aus dem Blickfeld verschwundene Kulturen dokumentieren und katalogisieren zu k\u00f6nnen. Ich verwende eine Reihe von Portraits mit den traditionellen Kost\u00fcmen beim Karneval des Baskenlandes (Euskal Herria) als anthropologischen Ansatz f\u00fcr die Erstellung eines Kataloges. So fotographiere ich vollst\u00e4ndige K\u00f6rper wie eine Portrait-B\u00fcste, beschreibend, frontal, mit der gleichen Beleuchtung und dem gleichen Hintergrund, um das Individuum zu isolieren und zu dekontextualisieren. Mit dieser ausschlie\u00dflichen Dokumentation vernachl\u00e4ssige ich bewusst den Charakter der Models und die Personen unter den Kost\u00fcmen. Heute leben wir in einer globalisierten Welt, in der Kultur und Tradition nur Randerscheinungen sind, deshalb katalogisiere ich diese und verwende als Technik das veraltete Kollodium-Nassplatten-Verfahren. Diese Technik wird nur noch von wenigen K\u00fcnstlern benutzt. Mit meiner Arbeit verbinde ich die Gegenwart mit der Vergangenheit, damit auch in Zukunft auf einen kulturell reichen Erz\u00e4hlfundus zur\u00fcckgegriffen werden kann. Den mit dem technologischen Fortschritt fast verloren gegangenen Prozess des nassen Kollodium-Verfahrens entdeckte ich f\u00fcr meine Arbeit neu. So fertige ich alle hierf\u00fcr n\u00f6tigen Chemikalien, die nicht mehr produziert werden, selbst an und benutze die alte Holzkamera mit Faltenb\u00e4lgen meines Gro\u00dfvaters.<\/p>\n\n\n\n<p class=\"has-small-font-size\"><em>Maider Kuadra<\/em><\/p>\n<\/div>\n<\/div>\n","protected":false},"excerpt":{"rendered":"<p>RedaktionSimon Wolf, Holger Wendland SpracheDeutsch Printausgabe3 EuroVerkauf im B\u00fcro Digitale Ausgabe \u00a9 Kultur Aktiv e.V. | 2018 Inhalt Silberne Bilder: Lichter aus dem Baskenland Ein Portraits kann soziale, politische und \u00f6konomische Bedeutung haben und f\u00fcr viele Zwecke verwendet werden. Es ist ein Mittel, um unbekannte L\u00e4nder und aus dem Blickfeld verschwundene Kulturen dokumentieren und katalogisieren [&hellip;]<\/p>\n","protected":false},"author":3,"featured_media":62288,"comment_status":"closed","ping_status":"closed","sticky":false,"template":"","format":"standard","meta":{"give_campaign_id":0,"footnotes":""},"categories":[606],"tags":[],"class_list":["post-62226","post","type-post","status-publish","format-standard","has-post-thumbnail","hentry","category-mag-neuropa-en"],"blocksy_meta":{"styles_descriptor":{"styles":{"desktop":"","tablet":"","mobile":""},"google_fonts":[],"version":6}},"_links":{"self":[{"href":"https:\/\/kulturaktiv.org\/en\/wp-json\/wp\/v2\/posts\/62226","targetHints":{"allow":["GET"]}}],"collection":[{"href":"https:\/\/kulturaktiv.org\/en\/wp-json\/wp\/v2\/posts"}],"about":[{"href":"https:\/\/kulturaktiv.org\/en\/wp-json\/wp\/v2\/types\/post"}],"author":[{"embeddable":true,"href":"https:\/\/kulturaktiv.org\/en\/wp-json\/wp\/v2\/users\/3"}],"replies":[{"embeddable":true,"href":"https:\/\/kulturaktiv.org\/en\/wp-json\/wp\/v2\/comments?post=62226"}],"version-history":[{"count":2,"href":"https:\/\/kulturaktiv.org\/en\/wp-json\/wp\/v2\/posts\/62226\/revisions"}],"predecessor-version":[{"id":62306,"href":"https:\/\/kulturaktiv.org\/en\/wp-json\/wp\/v2\/posts\/62226\/revisions\/62306"}],"wp:featuredmedia":[{"embeddable":true,"href":"https:\/\/kulturaktiv.org\/en\/wp-json\/wp\/v2\/media\/62288"}],"wp:attachment":[{"href":"https:\/\/kulturaktiv.org\/en\/wp-json\/wp\/v2\/media?parent=62226"}],"wp:term":[{"taxonomy":"category","embeddable":true,"href":"https:\/\/kulturaktiv.org\/en\/wp-json\/wp\/v2\/categories?post=62226"},{"taxonomy":"post_tag","embeddable":true,"href":"https:\/\/kulturaktiv.org\/en\/wp-json\/wp\/v2\/tags?post=62226"}],"curies":[{"name":"wp","href":"https:\/\/api.w.org\/{rel}","templated":true}]}}