{"id":62228,"date":"2018-08-07T10:54:39","date_gmt":"2018-08-07T10:54:39","guid":{"rendered":"https:\/\/kulturaktiv.org\/?p=62228"},"modified":"2022-11-24T10:27:09","modified_gmt":"2022-11-24T10:27:09","slug":"magneuropa-emilie-mrazikova","status":"publish","type":"post","link":"https:\/\/kulturaktiv.org\/en\/magneuropa-emilie-mrazikova\/","title":{"rendered":"MAGnEUROPA Em\u00edlie Mraz\u00edkov\u00e1"},"content":{"rendered":"\n<div class=\"wp-block-columns alignwide tw-gutter-no tw-cols-card tw-cols-card-border is-layout-flex wp-container-core-columns-is-layout-d0b3c9c8 wp-block-columns-is-layout-flex\">\n<div class=\"wp-block-column is-layout-flow wp-block-column-is-layout-flow\">\n<figure class=\"wp-block-image alignwide size-large tw-mb-7 tw-mt-0\"><img loading=\"lazy\" decoding=\"async\" width=\"816\" height=\"582\" src=\"https:\/\/kulturaktiv.org\/wp-content\/uploads\/2018\/08\/KulturAktiv-MAGnEUROPA-2018-4-Emilie-Mrazikova-cover.jpg\" alt=\"\" class=\"wp-image-24939\"\/><\/figure>\n\n\n\n<div class=\"wp-block-group alignwide has-palette-color-5-background-color has-background is-layout-flow wp-block-group-is-layout-flow\">\n<p><strong>Redaktion<\/strong><br>Simon Wolf, Holger Wendland<\/p>\n\n\n\n<p><strong>Sprache<\/strong><br>Deutsch<\/p>\n\n\n\n<p><strong>Printausgabe<br><\/strong>3 Euro<br>Verkauf im B\u00fcro<\/p>\n\n\n\n<p><strong>Digitale Ausgabe<\/strong><\/p>\n\n\n\n<div class=\"wp-block-buttons is-layout-flex wp-block-buttons-is-layout-flex\">\n<div class=\"wp-block-button\"><a class=\"wp-block-button__link wp-element-button\" href=\"https:\/\/kulturaktiv.org\/wp-content\/uploads\/2018\/09\/KulturAktiv-MAGnEUROPA-2018-4-Emilie-Mrazikova.pdf\">Download<\/a><\/div>\n<\/div>\n\n\n\n<p>\u00a9 Kultur Aktiv e.V. | 2018<\/p>\n<\/div>\n<\/div>\n\n\n\n<div class=\"wp-block-column is-vertically-aligned-top is-layout-flow wp-block-column-is-layout-flow\">\n<h3 class=\"tw-mt-10 wp-block-heading\">Inhalt<\/h3>\n\n\n\n<h2 class=\"wp-block-heading\">B\u00f6hmische D\u00f6rfer<\/h2>\n\n\n\n<p>\u201eB\u00f6hmische D\u00f6rfer\u201c, ist ein Sprichwort in der deutsche Sprache f\u00fcr etwas Verdecktes, Unbekanntes, nicht ganz Fassbares f\u00fcr Au\u00dfenstehende bei unseren tschechischen Nachbarn. Die 1946 geborene und in D\u011b\u010d\u00edn lebende Photographin Em\u00edlie Mraz\u00edkov\u00e1 gew\u00e4hrt uns \u201eneubelichtet\u201c einen Einblick in Eigenarten, Besonderheiten, kulinarische Gen\u00fcsse und Traditionen.<\/p>\n<\/div>\n<\/div>\n","protected":false},"excerpt":{"rendered":"<p>RedaktionSimon Wolf, Holger Wendland SpracheDeutsch Printausgabe3 EuroVerkauf im B\u00fcro Digitale Ausgabe \u00a9 Kultur Aktiv e.V. | 2018 Inhalt B\u00f6hmische D\u00f6rfer \u201eB\u00f6hmische D\u00f6rfer\u201c, ist ein Sprichwort in der deutsche Sprache f\u00fcr etwas Verdecktes, Unbekanntes, nicht ganz Fassbares f\u00fcr Au\u00dfenstehende bei unseren tschechischen Nachbarn. Die 1946 geborene und in D\u011b\u010d\u00edn lebende Photographin Em\u00edlie Mraz\u00edkov\u00e1 gew\u00e4hrt uns \u201eneubelichtet\u201c [&hellip;]<\/p>\n","protected":false},"author":3,"featured_media":62244,"comment_status":"closed","ping_status":"closed","sticky":false,"template":"","format":"standard","meta":{"give_campaign_id":0,"footnotes":""},"categories":[606],"tags":[],"class_list":["post-62228","post","type-post","status-publish","format-standard","has-post-thumbnail","hentry","category-mag-neuropa-en"],"blocksy_meta":{"styles_descriptor":{"styles":{"desktop":"","tablet":"","mobile":""},"google_fonts":[],"version":6}},"_links":{"self":[{"href":"https:\/\/kulturaktiv.org\/en\/wp-json\/wp\/v2\/posts\/62228","targetHints":{"allow":["GET"]}}],"collection":[{"href":"https:\/\/kulturaktiv.org\/en\/wp-json\/wp\/v2\/posts"}],"about":[{"href":"https:\/\/kulturaktiv.org\/en\/wp-json\/wp\/v2\/types\/post"}],"author":[{"embeddable":true,"href":"https:\/\/kulturaktiv.org\/en\/wp-json\/wp\/v2\/users\/3"}],"replies":[{"embeddable":true,"href":"https:\/\/kulturaktiv.org\/en\/wp-json\/wp\/v2\/comments?post=62228"}],"version-history":[{"count":1,"href":"https:\/\/kulturaktiv.org\/en\/wp-json\/wp\/v2\/posts\/62228\/revisions"}],"predecessor-version":[{"id":62243,"href":"https:\/\/kulturaktiv.org\/en\/wp-json\/wp\/v2\/posts\/62228\/revisions\/62243"}],"wp:featuredmedia":[{"embeddable":true,"href":"https:\/\/kulturaktiv.org\/en\/wp-json\/wp\/v2\/media\/62244"}],"wp:attachment":[{"href":"https:\/\/kulturaktiv.org\/en\/wp-json\/wp\/v2\/media?parent=62228"}],"wp:term":[{"taxonomy":"category","embeddable":true,"href":"https:\/\/kulturaktiv.org\/en\/wp-json\/wp\/v2\/categories?post=62228"},{"taxonomy":"post_tag","embeddable":true,"href":"https:\/\/kulturaktiv.org\/en\/wp-json\/wp\/v2\/tags?post=62228"}],"curies":[{"name":"wp","href":"https:\/\/api.w.org\/{rel}","templated":true}]}}