{"id":62321,"date":"2021-11-23T11:56:35","date_gmt":"2021-11-23T11:56:35","guid":{"rendered":"https:\/\/kulturaktiv.org\/?p=62321"},"modified":"2023-10-02T11:06:06","modified_gmt":"2023-10-02T11:06:06","slug":"treffpunkt-ostzone","status":"publish","type":"post","link":"https:\/\/kulturaktiv.org\/en\/treffpunkt-ostzone\/","title":{"rendered":"Treffpunkt ostZONE"},"content":{"rendered":"\n<div class=\"wp-block-columns alignwide is-layout-flex wp-container-core-columns-is-layout-d0b3c9c8 wp-block-columns-is-layout-flex\">\n<div class=\"wp-block-column is-layout-flow wp-block-column-is-layout-flow\">\n<figure class=\"wp-block-image alignwide size-large tw-mb-7 tw-mt-0\"><img loading=\"lazy\" decoding=\"async\" width=\"1024\" height=\"1024\" src=\"https:\/\/kulturaktiv.org\/wp-content\/uploads\/2021\/11\/Treffpunkt-ostZONE-Broschuere-Deckblatt-1024x1024.jpg\" alt=\"\" class=\"wp-image-53021\" srcset=\"https:\/\/kulturaktiv.org\/wp-content\/uploads\/2021\/11\/Treffpunkt-ostZONE-Broschuere-Deckblatt-1024x1024.jpg 1024w, https:\/\/kulturaktiv.org\/wp-content\/uploads\/2021\/11\/Treffpunkt-ostZONE-Broschuere-Deckblatt-300x300.jpg 300w, https:\/\/kulturaktiv.org\/wp-content\/uploads\/2021\/11\/Treffpunkt-ostZONE-Broschuere-Deckblatt-150x150.jpg 150w, https:\/\/kulturaktiv.org\/wp-content\/uploads\/2021\/11\/Treffpunkt-ostZONE-Broschuere-Deckblatt-768x768.jpg 768w, https:\/\/kulturaktiv.org\/wp-content\/uploads\/2021\/11\/Treffpunkt-ostZONE-Broschuere-Deckblatt.jpg 1200w\" sizes=\"auto, (max-width: 1024px) 100vw, 1024px\" \/><\/figure>\n\n\n\n<div class=\"wp-block-group alignwide has-palette-color-5-background-color has-background is-layout-flow wp-block-group-is-layout-flow\">\n<p><strong>Projekt<\/strong><br><a href=\"https:\/\/kulturaktiv.org\/treffpunkt-ostzone\/\">Treffpunkt ostZONE<\/a><\/p>\n\n\n\n<p><strong>Herausgeber<br><\/strong>Kultur Aktiv e.V.<\/p>\n\n\n\n<p><strong>Redaktion<\/strong><br>Dr. Verena B\u00f6ll<br>Christin Finger (Kultur Aktiv e.V.)<\/p>\n\n\n\n<p><strong>Layout\/Entwurf<\/strong><br>Xenia Gorodnia<\/p>\n\n\n\n<p><strong>Sprache<\/strong><br>Deutsch<\/p>\n\n\n\n<p><strong>Digitale Ausgabe<\/strong><\/p>\n\n\n\n<div class=\"wp-block-buttons is-layout-flex wp-block-buttons-is-layout-flex\">\n<div class=\"wp-block-button is-style-outline is-style-outline--1\"><a class=\"wp-block-button__link no-border-radius wp-element-button\" href=\"https:\/\/kulturaktiv.org\/wp-content\/uploads\/2021\/12\/Treffpunkt-ostZONE-Broschuere-rgb-small.pdf\">herunterladen<\/a><\/div>\n<\/div>\n\n\n\n<p>\u00a9 Kultur Aktiv e.V. | 2021<\/p>\n<\/div>\n<\/div>\n\n\n\n<div class=\"wp-block-column is-vertically-aligned-top is-layout-flow wp-block-column-is-layout-flow\">\n<h2 class=\"wp-block-heading tw-mt-10\"><strong>Inhalt<\/strong><\/h2>\n\n\n\n<p><strong>Vorwort<\/strong><\/p>\n\n\n\n<p><strong>Erinnern &#8211; aber wie? Einblick in die Methoden<\/strong><br>Gorbitz<br>Johannstadt<br>Neustadt<br>Prohlis<br>S\u00fcdvorstadt<br>Altstadt<br>Friedrichstadt<\/p>\n\n\n\n<p><strong>Ausblick<\/strong><\/p>\n\n\n\n<p><strong>K\u00fcnstlerinnen und K\u00fcnstler<\/strong><\/p>\n\n\n\n<p><strong>Danksagung<\/strong><\/p>\n<\/div>\n<\/div>\n","protected":false},"excerpt":{"rendered":"<p>ProjektTreffpunkt ostZONE HerausgeberKultur Aktiv e.V. RedaktionDr. Verena B\u00f6llChristin Finger (Kultur Aktiv e.V.) Layout\/EntwurfXenia Gorodnia SpracheDeutsch Digitale Ausgabe \u00a9 Kultur Aktiv e.V. | 2021 Inhalt Vorwort Erinnern &#8211; aber wie? Einblick in die MethodenGorbitzJohannstadtNeustadtProhlisS\u00fcdvorstadtAltstadtFriedrichstadt Ausblick K\u00fcnstlerinnen und K\u00fcnstler Danksagung<\/p>\n","protected":false},"author":3,"featured_media":53022,"comment_status":"closed","ping_status":"open","sticky":false,"template":"","format":"standard","meta":{"give_campaign_id":0,"footnotes":""},"categories":[476],"tags":[],"class_list":["post-62321","post","type-post","status-publish","format-standard","has-post-thumbnail","hentry","category-publications_others"],"blocksy_meta":{"styles_descriptor":{"styles":{"desktop":"","tablet":"","mobile":""},"google_fonts":[],"version":6}},"_links":{"self":[{"href":"https:\/\/kulturaktiv.org\/en\/wp-json\/wp\/v2\/posts\/62321","targetHints":{"allow":["GET"]}}],"collection":[{"href":"https:\/\/kulturaktiv.org\/en\/wp-json\/wp\/v2\/posts"}],"about":[{"href":"https:\/\/kulturaktiv.org\/en\/wp-json\/wp\/v2\/types\/post"}],"author":[{"embeddable":true,"href":"https:\/\/kulturaktiv.org\/en\/wp-json\/wp\/v2\/users\/3"}],"replies":[{"embeddable":true,"href":"https:\/\/kulturaktiv.org\/en\/wp-json\/wp\/v2\/comments?post=62321"}],"version-history":[{"count":2,"href":"https:\/\/kulturaktiv.org\/en\/wp-json\/wp\/v2\/posts\/62321\/revisions"}],"predecessor-version":[{"id":69297,"href":"https:\/\/kulturaktiv.org\/en\/wp-json\/wp\/v2\/posts\/62321\/revisions\/69297"}],"wp:featuredmedia":[{"embeddable":true,"href":"https:\/\/kulturaktiv.org\/en\/wp-json\/wp\/v2\/media\/53022"}],"wp:attachment":[{"href":"https:\/\/kulturaktiv.org\/en\/wp-json\/wp\/v2\/media?parent=62321"}],"wp:term":[{"taxonomy":"category","embeddable":true,"href":"https:\/\/kulturaktiv.org\/en\/wp-json\/wp\/v2\/categories?post=62321"},{"taxonomy":"post_tag","embeddable":true,"href":"https:\/\/kulturaktiv.org\/en\/wp-json\/wp\/v2\/tags?post=62321"}],"curies":[{"name":"wp","href":"https:\/\/api.w.org\/{rel}","templated":true}]}}