{"id":67174,"date":"2023-07-21T10:04:14","date_gmt":"2023-07-21T10:04:14","guid":{"rendered":"https:\/\/kulturaktiv.org\/zufallsbegegnungen-im-kunstverein\/"},"modified":"2023-09-11T16:30:53","modified_gmt":"2023-09-11T16:30:53","slug":"zufallsbegegnungen-im-kunstverein","status":"publish","type":"post","link":"https:\/\/kulturaktiv.org\/en\/zufallsbegegnungen-im-kunstverein\/","title":{"rendered":"Accidental encounters at Kunstverein"},"content":{"rendered":"\n<div style=\"height:25px\" aria-hidden=\"true\" class=\"wp-block-spacer\"><\/div>\n\n\n\n<p class=\"has-text-align-center has-small-font-size\"><em>Text: Adina Rieckmann \u00b7 Photos: Yvonn Spauschus<\/em><\/p>\n\n\n\n<figure class=\"wp-block-image size-large\"><img loading=\"lazy\" decoding=\"async\" width=\"1024\" height=\"1024\" src=\"https:\/\/kulturaktiv.org\/wp-content\/uploads\/2023\/07\/2023-07-01-Dresdner-Nachbarschaften-2023-Kinderfest-Neustadt-Kunstverein_C_Yvonn-Spauschus_01-1024x1024.jpg\" alt=\"Kunstverein Dresden Neustadt - Dresdner Nachbarschaften \u00a9 Y. Spauschus\" class=\"wp-image-66834\" srcset=\"https:\/\/kulturaktiv.org\/wp-content\/uploads\/2023\/07\/2023-07-01-Dresdner-Nachbarschaften-2023-Kinderfest-Neustadt-Kunstverein_C_Yvonn-Spauschus_01-1024x1024.jpg 1024w, https:\/\/kulturaktiv.org\/wp-content\/uploads\/2023\/07\/2023-07-01-Dresdner-Nachbarschaften-2023-Kinderfest-Neustadt-Kunstverein_C_Yvonn-Spauschus_01-300x300.jpg 300w, https:\/\/kulturaktiv.org\/wp-content\/uploads\/2023\/07\/2023-07-01-Dresdner-Nachbarschaften-2023-Kinderfest-Neustadt-Kunstverein_C_Yvonn-Spauschus_01-768x768.jpg 768w\" sizes=\"auto, (max-width: 1024px) 100vw, 1024px\" \/><\/figure>\n\n\n\n<p>We at the Kunstverein offer creative workshops for children from 3 to 99 as often as we can afford it as a small association. The artis <a href=\"https:\/\/kulturaktiv.org\/en\/dresdner-nachbarschaften\/#team\">Nadine W\u00f6lk<\/a> often has her hat on for these long afternoons. With the patience of an angel, she crafts or paints with children or adults. Sometimes only a few people come to our stand at the Neustadt market, sometimes we are overwhelmed by the crowds. Whatever the case, we are simply there and don&#8217;t send anyone away.<\/p>\n\n\n\n<figure class=\"wp-block-image aligncenter size-full is-style-default\"><img loading=\"lazy\" decoding=\"async\" width=\"1928\" height=\"2560\" src=\"https:\/\/kulturaktiv.org\/wp-content\/uploads\/2023\/07\/2023-07-01-Dresdner-Nachbarschaften-2023-Kinderfest-Neustadt-Kunstverein_C_Yvonn-Spauschus_05-scaled.jpg\" alt=\"Kunstverein Dresden Neustadt - Dresdner Nachbarschaften \u00a9 Y. Spauschus\" class=\"wp-image-66842\"\/><\/figure>\n\n\n\n<p>Of course, we also offer these afternoons for our members with their children. But we are actually thinking mainly of the children from the main street, of the young and older residents in the unrenovated blocks of flats. In our neighbourhood, you can see many expensive cars on K\u00f6nigsstra\u00dfe, whether Porsche, Maserati, Mercedes or BMW. But in the flats at Neust\u00e4dter Markt there are many families with a migration background and many parents with their children who are barely making ends meet.<\/p>\n\n\n\n<p>We sometimes see the children when we are setting up a new exhibition, then they drop by curiously, sometimes they even ask questions. For our adult neighbours, we are probably not that interesting. You can only look at art, there&#8217;s nothing to buy, nothing to eat, we&#8217;re not an office offering support, we&#8217;re just there. At least the homeless know that. Not only in summer do they make themselves at home in the Kunstquartier, they spend the night in front of our doors, not only in front of the Kunstverein, but also in front of the other neighbours, such as the galleries Stephanie Kelly, Ursula Walter, Gebr\u00fcder Lehmann or the Fotoforum.<\/p>\n\n\n\n<figure class=\"wp-block-image size-full\"><img loading=\"lazy\" decoding=\"async\" width=\"1928\" height=\"2560\" src=\"https:\/\/kulturaktiv.org\/wp-content\/uploads\/2023\/07\/2023-07-01-Dresdner-Nachbarschaften-2023-Kinderfest-Neustadt-Kunstverein_C_Yvonn-Spauschus_04-scaled.jpg\" alt=\"Kunstverein Dresden Neustadt - Dresdner Nachbarschaften \u00a9 Y. Spauschus\" class=\"wp-image-66840\" srcset=\"https:\/\/kulturaktiv.org\/wp-content\/uploads\/2023\/07\/2023-07-01-Dresdner-Nachbarschaften-2023-Kinderfest-Neustadt-Kunstverein_C_Yvonn-Spauschus_04-scaled.jpg 1928w, https:\/\/kulturaktiv.org\/wp-content\/uploads\/2023\/07\/2023-07-01-Dresdner-Nachbarschaften-2023-Kinderfest-Neustadt-Kunstverein_C_Yvonn-Spauschus_04-113x150.jpg 113w, https:\/\/kulturaktiv.org\/wp-content\/uploads\/2023\/07\/2023-07-01-Dresdner-Nachbarschaften-2023-Kinderfest-Neustadt-Kunstverein_C_Yvonn-Spauschus_04-1157x1536.jpg 1157w, https:\/\/kulturaktiv.org\/wp-content\/uploads\/2023\/07\/2023-07-01-Dresdner-Nachbarschaften-2023-Kinderfest-Neustadt-Kunstverein_C_Yvonn-Spauschus_04-1542x2048.jpg 1542w, https:\/\/kulturaktiv.org\/wp-content\/uploads\/2023\/07\/2023-07-01-Dresdner-Nachbarschaften-2023-Kinderfest-Neustadt-Kunstverein_C_Yvonn-Spauschus_04-1320x1753.jpg 1320w\" sizes=\"auto, (max-width: 1928px) 100vw, 1928px\" \/><\/figure>\n\n\n\n<p>In June, we again offered a creative workshop together with the Kultur Aktiv association. Only gradually did the tables fill up, but not with children, but mainly with adults. Listening, remembering, creating. That is the idea behind the Dresden Neighbourhoods. This creative workshop suddenly had something very special, if only because of the conversations. Complete strangers built houses together: Holger his city plan, Michael his houseboat, Anja her sustainable high-rise, Si her Chinese teahouse. Hannelore her neighbourhood block. Could you pass me the glue, please? And I need the ruler, please? And what are you actually building, a sustainable house? What does that mean, a sustainable house? And you, do you like living in your block? And why are you building a houseboat? What, you dream of living on the Elbe in a houseboat? Why? Ah! And what are your dreams?<\/p>\n\n\n\n<figure class=\"wp-block-image size-full\"><img loading=\"lazy\" decoding=\"async\" width=\"1928\" height=\"2560\" src=\"https:\/\/kulturaktiv.org\/wp-content\/uploads\/2023\/07\/2023-07-01-Dresdner-Nachbarschaften-2023-Kinderfest-Neustadt-Kunstverein_C_Yvonn-Spauschus_03-scaled.jpg\" alt=\"Kunstverein Dresden Neustadt - Dresdner Nachbarschaften \u00a9 Y. Spauschus\" class=\"wp-image-66838\" srcset=\"https:\/\/kulturaktiv.org\/wp-content\/uploads\/2023\/07\/2023-07-01-Dresdner-Nachbarschaften-2023-Kinderfest-Neustadt-Kunstverein_C_Yvonn-Spauschus_03-scaled.jpg 1928w, https:\/\/kulturaktiv.org\/wp-content\/uploads\/2023\/07\/2023-07-01-Dresdner-Nachbarschaften-2023-Kinderfest-Neustadt-Kunstverein_C_Yvonn-Spauschus_03-113x150.jpg 113w, https:\/\/kulturaktiv.org\/wp-content\/uploads\/2023\/07\/2023-07-01-Dresdner-Nachbarschaften-2023-Kinderfest-Neustadt-Kunstverein_C_Yvonn-Spauschus_03-1157x1536.jpg 1157w, https:\/\/kulturaktiv.org\/wp-content\/uploads\/2023\/07\/2023-07-01-Dresdner-Nachbarschaften-2023-Kinderfest-Neustadt-Kunstverein_C_Yvonn-Spauschus_03-1542x2048.jpg 1542w, https:\/\/kulturaktiv.org\/wp-content\/uploads\/2023\/07\/2023-07-01-Dresdner-Nachbarschaften-2023-Kinderfest-Neustadt-Kunstverein_C_Yvonn-Spauschus_03-1320x1753.jpg 1320w\" sizes=\"auto, (max-width: 1928px) 100vw, 1928px\" \/><\/figure>\n\n\n\n<p>Ah yes, we also had a look at art at the Kunstverein. The Tyrolean artist Micha Wille is currently exhibiting here. Weird figures, for example, supermen standing on their heads or a pink panther with crossed-out eyes. I like that, says Holger, and Hannelore is amazed that the colourful pictures are cheerful at first glance and yet also cause unease. Something is wrong, she thinks. Well, then it&#8217;s art, Holger explains, laughs and continues tinkering with his city map.<\/p>\n\n\n\n<figure class=\"wp-block-image size-large\"><img loading=\"lazy\" decoding=\"async\" width=\"1024\" height=\"1024\" src=\"https:\/\/kulturaktiv.org\/wp-content\/uploads\/2023\/07\/2023-07-01-Dresdner-Nachbarschaften-2023-Kinderfest-Neustadt-Kunstverein_C_Yvonn-Spauschus_02-1024x1024.jpg\" alt=\"Kunstverein Dresden Neustadt - Dresdner Nachbarschaften \u00a9 Y. Spauschus\" class=\"wp-image-66836\" srcset=\"https:\/\/kulturaktiv.org\/wp-content\/uploads\/2023\/07\/2023-07-01-Dresdner-Nachbarschaften-2023-Kinderfest-Neustadt-Kunstverein_C_Yvonn-Spauschus_02-1024x1024.jpg 1024w, https:\/\/kulturaktiv.org\/wp-content\/uploads\/2023\/07\/2023-07-01-Dresdner-Nachbarschaften-2023-Kinderfest-Neustadt-Kunstverein_C_Yvonn-Spauschus_02-300x300.jpg 300w, https:\/\/kulturaktiv.org\/wp-content\/uploads\/2023\/07\/2023-07-01-Dresdner-Nachbarschaften-2023-Kinderfest-Neustadt-Kunstverein_C_Yvonn-Spauschus_02-768x768.jpg 768w\" sizes=\"auto, (max-width: 1024px) 100vw, 1024px\" \/><\/figure>\n\n\n\n<hr class=\"wp-block-separator has-text-color has-palette-color-1-color has-alpha-channel-opacity has-palette-color-1-background-color has-background is-style-default\"\/>\n\n\n\n<p class=\"has-text-align-center\"><strong><em>More information<\/em><\/strong><\/p>\n\n\n\n<p class=\"has-text-align-center\"><strong><em><a href=\"https:\/\/www.kunstvereindresden.de\/\">Kunstverein Dresden e.V.<\/a><br><\/em><\/strong><em>Neust\u00e4dter Markt 8 \u00b7 01097 Dresden<br>Mail: <u><a href=\"mailto:contact@kunstvereindresden.de\">contact@kunstvereindresden.de<\/a><\/u> \u00b7 Phone: 0160 525 48 59<\/em><\/p>\n\n\n\n<hr class=\"wp-block-separator has-text-color has-palette-color-1-color has-alpha-channel-opacity has-palette-color-1-background-color has-background is-style-default\"\/>\n\n\n\n<div id=\"kontakt\" class=\"wp-block-group has-transparent-background-color has-background tw-shadow is-layout-flow wp-block-group-is-layout-flow\">\n<h4 class=\"wp-block-heading\"><a href=\"https:\/\/kulturaktiv.org\/en\/dresdner-nachbarschaften\/\" data-type=\"post\" data-id=\"64922\">Dresdner Nachbarschaften &#8211; sichtbar, vernetzt, engagiert!<\/a><\/h4>\n\n\n\n<div class=\"wp-block-columns is-layout-flex wp-container-core-columns-is-layout-d0b3c9c8 wp-block-columns-is-layout-flex\">\n<div class=\"wp-block-column is-layout-flow wp-block-column-is-layout-flow\">\n<p class=\"has-small-font-size\">Neighbourhoods are everywhere &#8211; we are right in the middle of it. With district walks, conversations in the green, creative workshops, exhibitions and much more.<\/p>\n<\/div>\n\n\n\n<div class=\"wp-block-column is-layout-flow wp-block-column-is-layout-flow\">\n<p class=\"has-small-font-size\"><strong>Period<\/strong><br>05-12.2023<\/p>\n\n\n\n<p class=\"has-small-font-size\"><strong>Project coordination<\/strong><br><a href=\"mailto:yvonn.spauschus@kulturaktiv.org\">Yvonn Spauschus<\/a> (project management)<br>Yulia Vishnichenko \u00b7 <a href=\"https:\/\/kulturaktiv.org\/moussa-mbarek\/\">Moussa Mbarek<\/a> <strong>\u00b7<\/strong> <a href=\"https:\/\/kulturaktiv.org\/nadine-woelk\/\">Nadine W\u00f6lk<\/a> <strong>\u00b7<\/strong> <a href=\"https:\/\/kulturaktiv.org\/en\/nazanin-zandi\/\" data-type=\"post\" data-id=\"49650\">Nazanin Zandi<\/a> (workshop leader)<br><a href=\"https:\/\/kulturaktiv.org\/rosa-brockelt\/\">Rosa Brockelt<\/a> <strong>\u00b7<\/strong> <a href=\"https:\/\/text-quelle.com\/\">Rosa Hauch<\/a> <strong>\u00b7<\/strong> <a href=\"http:\/\/www.pocketatelier.de\/\">Falk Goernert<\/a> (moderation and documentation)<\/p>\n\n\n\n<p class=\"has-small-font-size\"><strong>Cooperation partners<\/strong><br>Club Passage \/ <a href=\"https:\/\/www.jks-dresden.de\/\">JugendKunstschule Dresden<\/a> <strong>\u00b7<\/strong> <a href=\"https:\/\/www.google.com\/url?sa=t&amp;rct=j&amp;q=&amp;esrc=s&amp;source=web&amp;cd=&amp;cad=rja&amp;uact=8&amp;ved=2ahUKEwi4p--3s6T-AhUOi_0HHT3oBTAQFnoECBkQAQ&amp;url=https%3A%2F%2Fomse-ev.de%2F&amp;usg=AOvVaw07fuY4rhEl5rBM9oCPBy_Y\">Omse e.V.<\/a> <strong>\u00b7<\/strong> <a href=\"http:\/\/www.zhongdezhongxin.de\/main.html\">Chinesisch Deutsches Zentrum e.V.<\/a> <strong>\u00b7<\/strong> <a href=\"https:\/\/www.malteser-dresden.de\/angebote-und-leistungen\/treffpunkt-prohlis.html\">Treffpunkt Prohlis \/ Malteser Hilfsdienst e.V.<\/a> <strong>\u00b7<\/strong> <a href=\"https:\/\/www.johannstadt.de\/ar\/stadtteilverein\/\">Stadtteilverein Johannstadt e.V.<\/a> <strong>\u00b7<\/strong> <a href=\"https:\/\/konglomerat.org\/das-neue-volkshaus-cotta.html\">Neues Volkshaus Cotta \/ Konglomerat e.V.<\/a> <strong>\u00b7<\/strong> <a href=\"https:\/\/www.staatsschauspiel-dresden.de\/spielplan\/a-z\/montagscafe\/\">Montagscaf\u00e9 \/ Staatsschauspiel Dresden<\/a> <strong>\u00b7<\/strong> <a href=\"https:\/\/lebenshilfe-dresden.de\/de\/wir-unterstuetzen\/ferien-freizeit\/freizeitangebote\/\">Freizeitclub \/ Lebenshilfe Dresden e.V.<\/a> <strong>\u00b7<\/strong> <a href=\"http:\/\/www.qm-prohlis.de\/Home.1.html\">Quartiersmanagement Prohlis<\/a>, <a href=\"https:\/\/www.johannstadt.de\/soziale-stadt\/quartiersmanagement\/\">Johannstadt<\/a> und <a href=\"http:\/\/stadtteilbuero-gorbitz.de\/quartiersmanagement\/index.html\">Gorbitz<\/a><\/p>\n<\/div>\n<\/div>\n\n\n\n<p class=\"has-small-font-size\"><strong><strong>Supported by<\/strong><\/strong><\/p>\n\n\n\n<div class=\"wp-block-columns is-layout-flex wp-container-core-columns-is-layout-d0b3c9c8 wp-block-columns-is-layout-flex\">\n<div class=\"wp-block-column is-layout-flow wp-block-column-is-layout-flow\">\n<p class=\"has-small-font-size\">The project is funded by the State Ministry for Social Affairs and Social Cohesion. This measure is co-financed with tax funds on the basis of the budget passed by the Saxon state parliament within the framework of the state programme <a href=\"https:\/\/www.willkommen.sachsen.de\/IntM_Flyer.htm\">Integrative Ma\u00dfnahmen<\/a>.<\/p>\n<\/div>\n\n\n\n<div class=\"wp-block-column is-layout-flow wp-block-column-is-layout-flow\">\n<figure class=\"wp-block-image size-full is-style-default\"><img loading=\"lazy\" decoding=\"async\" width=\"1942\" height=\"604\" src=\"https:\/\/kulturaktiv.org\/wp-content\/uploads\/2021\/05\/darstellungseinheit-logos-intm-300dpi-002.jpg\" alt=\"\" class=\"wp-image-49433\" srcset=\"https:\/\/kulturaktiv.org\/wp-content\/uploads\/2021\/05\/darstellungseinheit-logos-intm-300dpi-002.jpg 1942w, https:\/\/kulturaktiv.org\/wp-content\/uploads\/2021\/05\/darstellungseinheit-logos-intm-300dpi-002-1536x478.jpg 1536w, https:\/\/kulturaktiv.org\/wp-content\/uploads\/2021\/05\/darstellungseinheit-logos-intm-300dpi-002-1320x411.jpg 1320w\" sizes=\"auto, (max-width: 1942px) 100vw, 1942px\" \/><\/figure>\n<\/div>\n<\/div>\n<\/div>\n","protected":false},"excerpt":{"rendered":"<p>Sometimes chance helps, then you meet &#8211; unexpectedly &#8211; the right people. That was also the case in our case. It was not foreseeable that Kultur Aktiv and Kunstverein Dresden would come together. But it was clear from the first moment we met that yes, we were doing something together. About Dresdner Nachbarschaften on the Hauptstra\u00dfe.<\/p>\n","protected":false},"author":3,"featured_media":66835,"comment_status":"closed","ping_status":"open","sticky":false,"template":"","format":"standard","meta":{"give_campaign_id":0,"footnotes":""},"categories":[988],"tags":[],"class_list":["post-67174","post","type-post","status-publish","format-standard","has-post-thumbnail","hentry","category-neighbourhood-reports"],"blocksy_meta":[],"_links":{"self":[{"href":"https:\/\/kulturaktiv.org\/en\/wp-json\/wp\/v2\/posts\/67174","targetHints":{"allow":["GET"]}}],"collection":[{"href":"https:\/\/kulturaktiv.org\/en\/wp-json\/wp\/v2\/posts"}],"about":[{"href":"https:\/\/kulturaktiv.org\/en\/wp-json\/wp\/v2\/types\/post"}],"author":[{"embeddable":true,"href":"https:\/\/kulturaktiv.org\/en\/wp-json\/wp\/v2\/users\/3"}],"replies":[{"embeddable":true,"href":"https:\/\/kulturaktiv.org\/en\/wp-json\/wp\/v2\/comments?post=67174"}],"version-history":[{"count":5,"href":"https:\/\/kulturaktiv.org\/en\/wp-json\/wp\/v2\/posts\/67174\/revisions"}],"predecessor-version":[{"id":68902,"href":"https:\/\/kulturaktiv.org\/en\/wp-json\/wp\/v2\/posts\/67174\/revisions\/68902"}],"wp:featuredmedia":[{"embeddable":true,"href":"https:\/\/kulturaktiv.org\/en\/wp-json\/wp\/v2\/media\/66835"}],"wp:attachment":[{"href":"https:\/\/kulturaktiv.org\/en\/wp-json\/wp\/v2\/media?parent=67174"}],"wp:term":[{"taxonomy":"category","embeddable":true,"href":"https:\/\/kulturaktiv.org\/en\/wp-json\/wp\/v2\/categories?post=67174"},{"taxonomy":"post_tag","embeddable":true,"href":"https:\/\/kulturaktiv.org\/en\/wp-json\/wp\/v2\/tags?post=67174"}],"curies":[{"name":"wp","href":"https:\/\/api.w.org\/{rel}","templated":true}]}}