{"id":73671,"date":"2024-10-13T13:39:14","date_gmt":"2024-10-13T13:39:14","guid":{"rendered":"https:\/\/kulturaktiv.org\/?p=73671"},"modified":"2024-10-15T20:36:24","modified_gmt":"2024-10-15T20:36:24","slug":"galerie-neuropa-trutnoff-open-air-festival-2024","status":"publish","type":"post","link":"https:\/\/kulturaktiv.org\/en\/galerie-neuropa-trutnoff-open-air-festival-2024\/","title":{"rendered":"The Galerie nEUROPA as a guest at the TrutnOFF Open Air Festival in the Czech Republic"},"content":{"rendered":"\n<div class=\"wp-block-cover alignfull has-parallax has-custom-content-position is-position-bottom-center tw-mb-0 is-style-default\" style=\"min-height:100vh;aspect-ratio:unset;\"><span aria-hidden=\"true\" class=\"wp-block-cover__background has-background-dim\"><\/span><div class=\"wp-block-cover__image-background wp-image-73602 has-parallax\" style=\"background-position:50% 50%;background-image:url(https:\/\/kulturaktiv.org\/wp-content\/uploads\/2024\/10\/JOE240824_263_Trutnov_web.jpg)\"><\/div><div class=\"wp-block-cover__inner-container is-layout-constrained wp-block-cover-is-layout-constrained\">\n<div class=\"wp-block-columns alignwide tw-gutter-large is-layout-flex wp-container-core-columns-is-layout-52f74c3c wp-block-columns-is-layout-flex\" style=\"margin-top:0;margin-bottom:0;padding-top:0;padding-bottom:0\">\n<div class=\"wp-block-column is-layout-flow wp-block-column-is-layout-flow\" style=\"--col-width:66.66%;flex-basis:66.66%\">\n<h1 class=\"wp-block-heading alignwide tw-mb-4 has-palette-color-4-color has-text-color has-link-color wp-elements-10b61ab23fd9ab4ffcf42dde191230f6\">The Galerie nEUROPA as a guest at the TrutnOFF Open Air Festival in the Czech Republic<\/h1>\n<\/div>\n\n\n\n<div class=\"wp-block-column is-vertically-aligned-top is-layout-flow wp-block-column-is-layout-flow\" style=\"--col-width:33.33%;flex-basis:33.33%\"><\/div>\n<\/div>\n\n\n\n<div class=\"wp-block-columns alignwide tw-gutter-large is-layout-flex wp-container-core-columns-is-layout-83f8f8b2 wp-block-columns-is-layout-flex\" style=\"margin-top:0;margin-bottom:0;padding-top:var(--wp--preset--spacing--60);padding-bottom:var(--wp--preset--spacing--80)\">\n<div class=\"wp-block-column is-layout-flow wp-block-column-is-layout-flow\" style=\"--col-width:66.66%;flex-basis:66.66%\">\n<p>Invited by the organisers the <a href=\"https:\/\/kulturaktiv.org\/en\/galerie-neuropa\/\" data-type=\"post\" data-id=\"49482\">Galerie nEUROPA<\/a> coult present its exhibition \u2018Photographic Perspectives of Change\u2019 on the <a href=\"https:\/\/www.festivaltrutnoff.cz\/\">TrutnOFF Open Air Festival<\/a> this summer. Matthias Schumann and Jan Oelker represented the gallery at the \u2018Bohemian-Moravian Woodstock\u2019 from 22 to 25 August 2024 in Trutnov at foot of the Giant Mountains. Here are a few photographic impressions of one of the most important music festivals in the Czech Republic, which celebrated in 2024 its 40th anniversary.<\/p>\n<\/div>\n\n\n\n<div class=\"wp-block-column is-vertically-aligned-top is-layout-flow wp-block-column-is-layout-flow\" style=\"--col-width:33.33%;flex-basis:33.33%\">\n<p class=\"has-text-align-left has-small-font-size\"><strong>Photographs \/ Text:<\/strong> Jan Oelker<br><strong>Production:<\/strong> Matthias Schumann<br><strong>Digital conversion:<\/strong> Simon Wolf<\/p>\n<\/div>\n<\/div>\n<\/div><\/div>\n\n\n\n<div class=\"wp-block-group alignfull tw-mb-0 has-palette-color-4-color has-text-color has-background has-link-color wp-elements-13160a45517f565f33984782bdd01fb1 is-layout-constrained wp-block-group-is-layout-constrained\" style=\"background-color:#35383b\">\n<div class=\"wp-block-columns alignwide tw-gutter-large is-layout-flex wp-container-core-columns-is-layout-896762a3 wp-block-columns-is-layout-flex\" style=\"margin-top:var(--wp--preset--spacing--80);margin-bottom:0;padding-top:0;padding-bottom:0\">\n<div class=\"wp-block-column is-layout-flow wp-block-column-is-layout-flow\" style=\"--col-width:66.66%;flex-basis:66.66%\"><\/div>\n\n\n\n<div class=\"wp-block-column is-vertically-aligned-bottom is-layout-flow wp-container-core-column-is-layout-8a368f38 wp-block-column-is-layout-flow\" style=\"--col-width:33.33%;flex-basis:33.33%\"><\/div>\n<\/div>\n\n\n\n<div class=\"wp-block-columns alignwide is-layout-flex wp-container-core-columns-is-layout-d0b3c9c8 wp-block-columns-is-layout-flex\">\n<div class=\"wp-block-column is-layout-flow wp-block-column-is-layout-flow\">\n<figure class=\"wp-block-image size-full tw-mb-0 tw-mt-5\"><img loading=\"lazy\" decoding=\"async\" width=\"2000\" height=\"1331\" src=\"https:\/\/kulturaktiv.org\/wp-content\/uploads\/2024\/10\/010_JOE240824_165_Trutnov_web.jpg\" alt=\"\" class=\"wp-image-73516\" srcset=\"https:\/\/kulturaktiv.org\/wp-content\/uploads\/2024\/10\/010_JOE240824_165_Trutnov_web.jpg 2000w, https:\/\/kulturaktiv.org\/wp-content\/uploads\/2024\/10\/010_JOE240824_165_Trutnov_web-150x100.jpg 150w, https:\/\/kulturaktiv.org\/wp-content\/uploads\/2024\/10\/010_JOE240824_165_Trutnov_web-1536x1022.jpg 1536w, https:\/\/kulturaktiv.org\/wp-content\/uploads\/2024\/10\/010_JOE240824_165_Trutnov_web-1320x878.jpg 1320w\" sizes=\"auto, (max-width: 2000px) 100vw, 2000px\" \/><\/figure>\n\n\n\n<p><br>TrutnOFF Open Air 2024: \u2026<\/p>\n<\/div>\n\n\n\n<div class=\"wp-block-column is-layout-flow wp-block-column-is-layout-flow\">\n<figure class=\"wp-block-image size-full tw-mb-0 tw-mt-5\"><img loading=\"lazy\" decoding=\"async\" width=\"2000\" height=\"1335\" src=\"https:\/\/kulturaktiv.org\/wp-content\/uploads\/2024\/10\/020b_JOE240823_161006_Trutnov_web.jpg\" alt=\"\" class=\"wp-image-73518\" srcset=\"https:\/\/kulturaktiv.org\/wp-content\/uploads\/2024\/10\/020b_JOE240823_161006_Trutnov_web.jpg 2000w, https:\/\/kulturaktiv.org\/wp-content\/uploads\/2024\/10\/020b_JOE240823_161006_Trutnov_web-150x100.jpg 150w, https:\/\/kulturaktiv.org\/wp-content\/uploads\/2024\/10\/020b_JOE240823_161006_Trutnov_web-1536x1025.jpg 1536w, https:\/\/kulturaktiv.org\/wp-content\/uploads\/2024\/10\/020b_JOE240823_161006_Trutnov_web-1320x881.jpg 1320w\" sizes=\"auto, (max-width: 2000px) 100vw, 2000px\" \/><\/figure>\n\n\n\n<p><br>\u2026 four days of \u201cLove \u2026<\/p>\n<\/div>\n<\/div>\n\n\n\n<div class=\"wp-block-columns alignwide is-layout-flex wp-container-core-columns-is-layout-d0b3c9c8 wp-block-columns-is-layout-flex\">\n<div class=\"wp-block-column is-vertically-aligned-bottom is-layout-flow wp-block-column-is-layout-flow\">\n<figure class=\"wp-block-image size-full tw-mb-0 tw-mt-5\"><img loading=\"lazy\" decoding=\"async\" width=\"1500\" height=\"2000\" src=\"https:\/\/kulturaktiv.org\/wp-content\/uploads\/2024\/10\/030_JOE240823_022543_Trutnov_web.jpg\" alt=\"\" class=\"wp-image-73520\" srcset=\"https:\/\/kulturaktiv.org\/wp-content\/uploads\/2024\/10\/030_JOE240823_022543_Trutnov_web.jpg 1500w, https:\/\/kulturaktiv.org\/wp-content\/uploads\/2024\/10\/030_JOE240823_022543_Trutnov_web-113x150.jpg 113w, https:\/\/kulturaktiv.org\/wp-content\/uploads\/2024\/10\/030_JOE240823_022543_Trutnov_web-1152x1536.jpg 1152w, https:\/\/kulturaktiv.org\/wp-content\/uploads\/2024\/10\/030_JOE240823_022543_Trutnov_web-1320x1760.jpg 1320w\" sizes=\"auto, (max-width: 1500px) 100vw, 1500px\" \/><\/figure>\n\n\n\n<p><br>\u2026 Peace \u2013 and the call for \u2013 \u2026<\/p>\n<\/div>\n\n\n\n<div class=\"wp-block-column is-layout-flow wp-block-column-is-layout-flow\">\n<figure class=\"wp-block-image size-full tw-mb-0 tw-mt-5 tw-sm-hidden\"><img loading=\"lazy\" decoding=\"async\" width=\"2000\" height=\"1331\" src=\"https:\/\/kulturaktiv.org\/wp-content\/uploads\/2024\/10\/JOE240824_228_Trutnov_web.jpg\" alt=\"\" class=\"wp-image-73634\" srcset=\"https:\/\/kulturaktiv.org\/wp-content\/uploads\/2024\/10\/JOE240824_228_Trutnov_web.jpg 2000w, https:\/\/kulturaktiv.org\/wp-content\/uploads\/2024\/10\/JOE240824_228_Trutnov_web-150x100.jpg 150w, https:\/\/kulturaktiv.org\/wp-content\/uploads\/2024\/10\/JOE240824_228_Trutnov_web-1536x1022.jpg 1536w, https:\/\/kulturaktiv.org\/wp-content\/uploads\/2024\/10\/JOE240824_228_Trutnov_web-1320x878.jpg 1320w\" sizes=\"auto, (max-width: 2000px) 100vw, 2000px\" \/><\/figure>\n\n\n\n<figure class=\"wp-block-image size-full tw-mb-0 tw-mt-5\"><img loading=\"lazy\" decoding=\"async\" width=\"2000\" height=\"1331\" src=\"https:\/\/kulturaktiv.org\/wp-content\/uploads\/2024\/10\/040_JOE240825_128_Trutnov_web.jpg\" alt=\"\" class=\"wp-image-73522\" srcset=\"https:\/\/kulturaktiv.org\/wp-content\/uploads\/2024\/10\/040_JOE240825_128_Trutnov_web.jpg 2000w, https:\/\/kulturaktiv.org\/wp-content\/uploads\/2024\/10\/040_JOE240825_128_Trutnov_web-150x100.jpg 150w, https:\/\/kulturaktiv.org\/wp-content\/uploads\/2024\/10\/040_JOE240825_128_Trutnov_web-1536x1022.jpg 1536w, https:\/\/kulturaktiv.org\/wp-content\/uploads\/2024\/10\/040_JOE240825_128_Trutnov_web-1320x878.jpg 1320w\" sizes=\"auto, (max-width: 2000px) 100vw, 2000px\" \/><\/figure>\n\n\n\n<p><br>\u2026 and Music\u201d. \u2026<\/p>\n<\/div>\n<\/div>\n\n\n\n<div class=\"wp-block-columns alignwide is-layout-flex wp-container-core-columns-is-layout-d0b3c9c8 wp-block-columns-is-layout-flex\">\n<div class=\"wp-block-column is-vertically-aligned-bottom is-layout-flow wp-block-column-is-layout-flow\">\n<figure class=\"wp-block-image size-full tw-mb-0 tw-mt-5\"><img loading=\"lazy\" decoding=\"async\" width=\"2000\" height=\"1126\" src=\"https:\/\/kulturaktiv.org\/wp-content\/uploads\/2024\/10\/050_JOE240824_114422_Trutnov_web.jpg\" alt=\"\" class=\"wp-image-73524\" srcset=\"https:\/\/kulturaktiv.org\/wp-content\/uploads\/2024\/10\/050_JOE240824_114422_Trutnov_web.jpg 2000w, https:\/\/kulturaktiv.org\/wp-content\/uploads\/2024\/10\/050_JOE240824_114422_Trutnov_web-150x84.jpg 150w, https:\/\/kulturaktiv.org\/wp-content\/uploads\/2024\/10\/050_JOE240824_114422_Trutnov_web-1536x865.jpg 1536w, https:\/\/kulturaktiv.org\/wp-content\/uploads\/2024\/10\/050_JOE240824_114422_Trutnov_web-1320x743.jpg 1320w\" sizes=\"auto, (max-width: 2000px) 100vw, 2000px\" \/><\/figure>\n\n\n\n<p><br>\u2026 And with coffee &#8211; at Jana and Mat\u011bj, \u2026<\/p>\n<\/div>\n\n\n\n<div class=\"wp-block-column is-layout-flow wp-block-column-is-layout-flow\">\n<figure class=\"wp-block-image size-full tw-mb-0 tw-mt-5\"><img loading=\"lazy\" decoding=\"async\" width=\"2000\" height=\"1331\" src=\"https:\/\/kulturaktiv.org\/wp-content\/uploads\/2024\/10\/060_JOE240824_095_Trutnov_web.jpg\" alt=\"\" class=\"wp-image-73526\" srcset=\"https:\/\/kulturaktiv.org\/wp-content\/uploads\/2024\/10\/060_JOE240824_095_Trutnov_web.jpg 2000w, https:\/\/kulturaktiv.org\/wp-content\/uploads\/2024\/10\/060_JOE240824_095_Trutnov_web-150x100.jpg 150w, https:\/\/kulturaktiv.org\/wp-content\/uploads\/2024\/10\/060_JOE240824_095_Trutnov_web-1536x1022.jpg 1536w, https:\/\/kulturaktiv.org\/wp-content\/uploads\/2024\/10\/060_JOE240824_095_Trutnov_web-1320x878.jpg 1320w\" sizes=\"auto, (max-width: 2000px) 100vw, 2000px\" \/><\/figure>\n\n\n\n<p><br>\u2026 South Moravian wine &#8211; at Marek \u010cmelik, Daniela and Anett, \u2026<\/p>\n<\/div>\n<\/div>\n\n\n\n<div class=\"wp-block-columns alignwide is-layout-flex wp-container-core-columns-is-layout-d0b3c9c8 wp-block-columns-is-layout-flex\">\n<div class=\"wp-block-column is-layout-flow wp-block-column-is-layout-flow\">\n<figure class=\"wp-block-image size-full tw-mb-0 tw-mt-5\"><img loading=\"lazy\" decoding=\"async\" width=\"2000\" height=\"1331\" src=\"https:\/\/kulturaktiv.org\/wp-content\/uploads\/2024\/10\/070_JOE240824_084_Trutnov_web.jpg\" alt=\"\" class=\"wp-image-73528\" srcset=\"https:\/\/kulturaktiv.org\/wp-content\/uploads\/2024\/10\/070_JOE240824_084_Trutnov_web.jpg 2000w, https:\/\/kulturaktiv.org\/wp-content\/uploads\/2024\/10\/070_JOE240824_084_Trutnov_web-150x100.jpg 150w, https:\/\/kulturaktiv.org\/wp-content\/uploads\/2024\/10\/070_JOE240824_084_Trutnov_web-1536x1022.jpg 1536w, https:\/\/kulturaktiv.org\/wp-content\/uploads\/2024\/10\/070_JOE240824_084_Trutnov_web-1320x878.jpg 1320w\" sizes=\"auto, (max-width: 2000px) 100vw, 2000px\" \/><\/figure>\n\n\n\n<p><br>\u2026 and meetings, here with Czech punk legend \u0160t\u011bp\u00e1n M\u00e1lek, \u2026<\/p>\n<\/div>\n\n\n\n<div class=\"wp-block-column is-layout-flow wp-block-column-is-layout-flow\">\n<figure class=\"wp-block-image size-full tw-mb-0 tw-mt-5\"><img loading=\"lazy\" decoding=\"async\" width=\"2000\" height=\"1331\" src=\"https:\/\/kulturaktiv.org\/wp-content\/uploads\/2024\/10\/080_JOE240824_104_Trutnov_web.jpg\" alt=\"\" class=\"wp-image-73530\" srcset=\"https:\/\/kulturaktiv.org\/wp-content\/uploads\/2024\/10\/080_JOE240824_104_Trutnov_web.jpg 2000w, https:\/\/kulturaktiv.org\/wp-content\/uploads\/2024\/10\/080_JOE240824_104_Trutnov_web-150x100.jpg 150w, https:\/\/kulturaktiv.org\/wp-content\/uploads\/2024\/10\/080_JOE240824_104_Trutnov_web-1536x1022.jpg 1536w, https:\/\/kulturaktiv.org\/wp-content\/uploads\/2024\/10\/080_JOE240824_104_Trutnov_web-1320x878.jpg 1320w\" sizes=\"auto, (max-width: 2000px) 100vw, 2000px\" \/><\/figure>\n\n\n\n<p><br>\u2026 with talks \u2026<\/p>\n<\/div>\n<\/div>\n\n\n\n<div class=\"wp-block-columns alignwide is-layout-flex wp-container-core-columns-is-layout-d0b3c9c8 wp-block-columns-is-layout-flex\">\n<div class=\"wp-block-column is-layout-flow wp-block-column-is-layout-flow\">\n<figure class=\"wp-block-image size-full tw-mb-0 tw-mt-5\"><img loading=\"lazy\" decoding=\"async\" width=\"2000\" height=\"1331\" src=\"https:\/\/kulturaktiv.org\/wp-content\/uploads\/2024\/10\/090_JOE240824_135_Trutnov_web.jpg\" alt=\"\" class=\"wp-image-73532\" srcset=\"https:\/\/kulturaktiv.org\/wp-content\/uploads\/2024\/10\/090_JOE240824_135_Trutnov_web.jpg 2000w, https:\/\/kulturaktiv.org\/wp-content\/uploads\/2024\/10\/090_JOE240824_135_Trutnov_web-150x100.jpg 150w, https:\/\/kulturaktiv.org\/wp-content\/uploads\/2024\/10\/090_JOE240824_135_Trutnov_web-1536x1022.jpg 1536w, https:\/\/kulturaktiv.org\/wp-content\/uploads\/2024\/10\/090_JOE240824_135_Trutnov_web-1320x878.jpg 1320w\" sizes=\"auto, (max-width: 2000px) 100vw, 2000px\" \/><\/figure>\n\n\n\n<p><br>\u2026 with boys \u2013 Jan and Michael \u2013 \u2026<\/p>\n<\/div>\n\n\n\n<div class=\"wp-block-column is-layout-flow wp-block-column-is-layout-flow\">\n<figure class=\"wp-block-image size-full tw-mb-0 tw-mt-5\"><img loading=\"lazy\" decoding=\"async\" width=\"2000\" height=\"1331\" src=\"https:\/\/kulturaktiv.org\/wp-content\/uploads\/2024\/10\/100_JOE240824_133_Trutnov_web.jpg\" alt=\"\" class=\"wp-image-73534\" srcset=\"https:\/\/kulturaktiv.org\/wp-content\/uploads\/2024\/10\/100_JOE240824_133_Trutnov_web.jpg 2000w, https:\/\/kulturaktiv.org\/wp-content\/uploads\/2024\/10\/100_JOE240824_133_Trutnov_web-150x100.jpg 150w, https:\/\/kulturaktiv.org\/wp-content\/uploads\/2024\/10\/100_JOE240824_133_Trutnov_web-1536x1022.jpg 1536w, https:\/\/kulturaktiv.org\/wp-content\/uploads\/2024\/10\/100_JOE240824_133_Trutnov_web-1320x878.jpg 1320w\" sizes=\"auto, (max-width: 2000px) 100vw, 2000px\" \/><\/figure>\n\n\n\n<p><br>\u2026 and girls \u2026<\/p>\n<\/div>\n<\/div>\n\n\n\n<div class=\"wp-block-columns alignwide is-layout-flex wp-container-core-columns-is-layout-d0b3c9c8 wp-block-columns-is-layout-flex\">\n<div class=\"wp-block-column is-layout-flow wp-block-column-is-layout-flow\">\n<figure class=\"wp-block-image size-full tw-mb-0 tw-mt-5\"><img loading=\"lazy\" decoding=\"async\" width=\"2000\" height=\"1331\" src=\"https:\/\/kulturaktiv.org\/wp-content\/uploads\/2024\/10\/110_JOE240824_138_Trutnov_web.jpg\" alt=\"\" class=\"wp-image-73536\" srcset=\"https:\/\/kulturaktiv.org\/wp-content\/uploads\/2024\/10\/110_JOE240824_138_Trutnov_web.jpg 2000w, https:\/\/kulturaktiv.org\/wp-content\/uploads\/2024\/10\/110_JOE240824_138_Trutnov_web-150x100.jpg 150w, https:\/\/kulturaktiv.org\/wp-content\/uploads\/2024\/10\/110_JOE240824_138_Trutnov_web-1536x1022.jpg 1536w, https:\/\/kulturaktiv.org\/wp-content\/uploads\/2024\/10\/110_JOE240824_138_Trutnov_web-1320x878.jpg 1320w\" sizes=\"auto, (max-width: 2000px) 100vw, 2000px\" \/><\/figure>\n\n\n\n<p><br>\u2026 with fun \u2026<\/p>\n<\/div>\n\n\n\n<div class=\"wp-block-column is-layout-flow wp-block-column-is-layout-flow\">\n<figure class=\"wp-block-image size-full tw-mb-0 tw-mt-5\"><img loading=\"lazy\" decoding=\"async\" width=\"2000\" height=\"1331\" src=\"https:\/\/kulturaktiv.org\/wp-content\/uploads\/2024\/10\/120_JOE240824_096_Trutnov_web.jpg\" alt=\"\" class=\"wp-image-73538\" srcset=\"https:\/\/kulturaktiv.org\/wp-content\/uploads\/2024\/10\/120_JOE240824_096_Trutnov_web.jpg 2000w, https:\/\/kulturaktiv.org\/wp-content\/uploads\/2024\/10\/120_JOE240824_096_Trutnov_web-150x100.jpg 150w, https:\/\/kulturaktiv.org\/wp-content\/uploads\/2024\/10\/120_JOE240824_096_Trutnov_web-1536x1022.jpg 1536w, https:\/\/kulturaktiv.org\/wp-content\/uploads\/2024\/10\/120_JOE240824_096_Trutnov_web-1320x878.jpg 1320w\" sizes=\"auto, (max-width: 2000px) 100vw, 2000px\" \/><\/figure>\n\n\n\n<p><br>\u2026 and time to chill \u2026<\/p>\n<\/div>\n<\/div>\n\n\n\n<div class=\"wp-block-columns alignwide is-layout-flex wp-container-core-columns-is-layout-d0b3c9c8 wp-block-columns-is-layout-flex\">\n<div class=\"wp-block-column is-layout-flow wp-block-column-is-layout-flow\">\n<figure class=\"wp-block-image size-full tw-mb-0 tw-mt-5\"><img loading=\"lazy\" decoding=\"async\" width=\"2000\" height=\"1331\" src=\"https:\/\/kulturaktiv.org\/wp-content\/uploads\/2024\/10\/130_JOE240824_170_Trutnov_web.jpg\" alt=\"\" class=\"wp-image-73540\" srcset=\"https:\/\/kulturaktiv.org\/wp-content\/uploads\/2024\/10\/130_JOE240824_170_Trutnov_web.jpg 2000w, https:\/\/kulturaktiv.org\/wp-content\/uploads\/2024\/10\/130_JOE240824_170_Trutnov_web-150x100.jpg 150w, https:\/\/kulturaktiv.org\/wp-content\/uploads\/2024\/10\/130_JOE240824_170_Trutnov_web-1536x1022.jpg 1536w, https:\/\/kulturaktiv.org\/wp-content\/uploads\/2024\/10\/130_JOE240824_170_Trutnov_web-1320x878.jpg 1320w\" sizes=\"auto, (max-width: 2000px) 100vw, 2000px\" \/><\/figure>\n\n\n\n<p><br>\u2026 and of course with lots of music, \u2026<\/p>\n<\/div>\n<\/div>\n\n\n\n<div class=\"wp-block-columns alignwide is-layout-flex wp-container-core-columns-is-layout-d0b3c9c8 wp-block-columns-is-layout-flex\">\n<div class=\"wp-block-column is-layout-flow wp-block-column-is-layout-flow\">\n<figure class=\"wp-block-image size-full tw-mb-0 tw-mt-5\"><img loading=\"lazy\" decoding=\"async\" width=\"2000\" height=\"1331\" src=\"https:\/\/kulturaktiv.org\/wp-content\/uploads\/2024\/10\/140_JOE240824_187_Trutnov_web.jpg\" alt=\"\" class=\"wp-image-73542\" srcset=\"https:\/\/kulturaktiv.org\/wp-content\/uploads\/2024\/10\/140_JOE240824_187_Trutnov_web.jpg 2000w, https:\/\/kulturaktiv.org\/wp-content\/uploads\/2024\/10\/140_JOE240824_187_Trutnov_web-150x100.jpg 150w, https:\/\/kulturaktiv.org\/wp-content\/uploads\/2024\/10\/140_JOE240824_187_Trutnov_web-1536x1022.jpg 1536w, https:\/\/kulturaktiv.org\/wp-content\/uploads\/2024\/10\/140_JOE240824_187_Trutnov_web-1320x878.jpg 1320w\" sizes=\"auto, (max-width: 2000px) 100vw, 2000px\" \/><\/figure>\n\n\n\n<p><br>\u2026 since 40 years organised by Martin \u2018Geronimo\u2019 V\u011bchet, the founder of the festival, \u2026<\/p>\n<\/div>\n<\/div>\n\n\n\n<div class=\"wp-block-columns alignwide is-layout-flex wp-container-core-columns-is-layout-d0b3c9c8 wp-block-columns-is-layout-flex\">\n<div class=\"wp-block-column is-vertically-aligned-center is-layout-flow wp-block-column-is-layout-flow\">\n<figure class=\"wp-block-image size-full tw-mb-0 tw-mt-5\"><img loading=\"lazy\" decoding=\"async\" width=\"2000\" height=\"1331\" src=\"https:\/\/kulturaktiv.org\/wp-content\/uploads\/2024\/10\/150_JOE240824_298_Trutnov_web.jpg\" alt=\"\" class=\"wp-image-73544\" srcset=\"https:\/\/kulturaktiv.org\/wp-content\/uploads\/2024\/10\/150_JOE240824_298_Trutnov_web.jpg 2000w, https:\/\/kulturaktiv.org\/wp-content\/uploads\/2024\/10\/150_JOE240824_298_Trutnov_web-150x100.jpg 150w, https:\/\/kulturaktiv.org\/wp-content\/uploads\/2024\/10\/150_JOE240824_298_Trutnov_web-1536x1022.jpg 1536w, https:\/\/kulturaktiv.org\/wp-content\/uploads\/2024\/10\/150_JOE240824_298_Trutnov_web-1320x878.jpg 1320w\" sizes=\"auto, (max-width: 2000px) 100vw, 2000px\" \/><\/figure>\n\n\n\n<p><br>\u2026 with the great gigs, like \u2018The Jesus and Mary Chain\u2019 \u2026<\/p>\n\n\n\n<figure class=\"wp-block-image size-full tw-mb-0 tw-mt-5\"><img loading=\"lazy\" decoding=\"async\" width=\"2000\" height=\"1126\" src=\"https:\/\/kulturaktiv.org\/wp-content\/uploads\/2024\/10\/160_JOE240822_235002_Trutnov_web.jpg\" alt=\"\" class=\"wp-image-73546\" srcset=\"https:\/\/kulturaktiv.org\/wp-content\/uploads\/2024\/10\/160_JOE240822_235002_Trutnov_web.jpg 2000w, https:\/\/kulturaktiv.org\/wp-content\/uploads\/2024\/10\/160_JOE240822_235002_Trutnov_web-150x84.jpg 150w, https:\/\/kulturaktiv.org\/wp-content\/uploads\/2024\/10\/160_JOE240822_235002_Trutnov_web-1536x865.jpg 1536w, https:\/\/kulturaktiv.org\/wp-content\/uploads\/2024\/10\/160_JOE240822_235002_Trutnov_web-1320x743.jpg 1320w\" sizes=\"auto, (max-width: 2000px) 100vw, 2000px\" \/><\/figure>\n\n\n\n<p><br>\u2026 or the young discoveries, such as \u2018Manon meurt\u2019, \u2026<\/p>\n<\/div>\n\n\n\n<div class=\"wp-block-column is-layout-flow wp-block-column-is-layout-flow\">\n<figure class=\"wp-block-image size-full tw-mb-0 tw-mt-5\"><img loading=\"lazy\" decoding=\"async\" width=\"1331\" height=\"2000\" src=\"https:\/\/kulturaktiv.org\/wp-content\/uploads\/2024\/10\/170_JOE240824_059_Trutnov_web.jpg\" alt=\"\" class=\"wp-image-73548\" srcset=\"https:\/\/kulturaktiv.org\/wp-content\/uploads\/2024\/10\/170_JOE240824_059_Trutnov_web.jpg 1331w, https:\/\/kulturaktiv.org\/wp-content\/uploads\/2024\/10\/170_JOE240824_059_Trutnov_web-100x150.jpg 100w, https:\/\/kulturaktiv.org\/wp-content\/uploads\/2024\/10\/170_JOE240824_059_Trutnov_web-1022x1536.jpg 1022w, https:\/\/kulturaktiv.org\/wp-content\/uploads\/2024\/10\/170_JOE240824_059_Trutnov_web-1320x1983.jpg 1320w\" sizes=\"auto, (max-width: 1331px) 100vw, 1331px\" \/><\/figure>\n\n\n\n<p><br>\u2026 the rough punk of \u2018V.V.\u00da.\u2019 with their frontman \u0160t\u011bp\u00e1n M\u00e1lek, \u2026<\/p>\n<\/div>\n<\/div>\n\n\n\n<div class=\"wp-block-columns alignwide is-layout-flex wp-container-core-columns-is-layout-d0b3c9c8 wp-block-columns-is-layout-flex\">\n<div class=\"wp-block-column is-layout-flow wp-block-column-is-layout-flow\">\n<figure class=\"wp-block-image size-full tw-mb-0 tw-mt-5\"><img loading=\"lazy\" decoding=\"async\" width=\"2000\" height=\"1331\" src=\"https:\/\/kulturaktiv.org\/wp-content\/uploads\/2024\/10\/180_JOE240824_372_Trutnov_web.jpg\" alt=\"\" class=\"wp-image-73550\" srcset=\"https:\/\/kulturaktiv.org\/wp-content\/uploads\/2024\/10\/180_JOE240824_372_Trutnov_web.jpg 2000w, https:\/\/kulturaktiv.org\/wp-content\/uploads\/2024\/10\/180_JOE240824_372_Trutnov_web-150x100.jpg 150w, https:\/\/kulturaktiv.org\/wp-content\/uploads\/2024\/10\/180_JOE240824_372_Trutnov_web-1536x1022.jpg 1536w, https:\/\/kulturaktiv.org\/wp-content\/uploads\/2024\/10\/180_JOE240824_372_Trutnov_web-1320x878.jpg 1320w\" sizes=\"auto, (max-width: 2000px) 100vw, 2000px\" \/><\/figure>\n\n\n\n<p><br>\u2026 the psychedelic underground heroes of \u2018The Plastic People of the Universe\u2019, \u2026<\/p>\n<\/div>\n<\/div>\n\n\n\n<div class=\"wp-block-columns alignwide is-layout-flex wp-container-core-columns-is-layout-d0b3c9c8 wp-block-columns-is-layout-flex\">\n<div class=\"wp-block-column is-vertically-aligned-center is-layout-flow wp-block-column-is-layout-flow\">\n<figure class=\"wp-block-image size-full tw-mb-0 tw-mt-5\"><img loading=\"lazy\" decoding=\"async\" width=\"2000\" height=\"1331\" src=\"https:\/\/kulturaktiv.org\/wp-content\/uploads\/2024\/10\/190_JOE240825_107_Trutnov_web.jpg\" alt=\"\" class=\"wp-image-73552\" srcset=\"https:\/\/kulturaktiv.org\/wp-content\/uploads\/2024\/10\/190_JOE240825_107_Trutnov_web.jpg 2000w, https:\/\/kulturaktiv.org\/wp-content\/uploads\/2024\/10\/190_JOE240825_107_Trutnov_web-150x100.jpg 150w, https:\/\/kulturaktiv.org\/wp-content\/uploads\/2024\/10\/190_JOE240825_107_Trutnov_web-1536x1022.jpg 1536w, https:\/\/kulturaktiv.org\/wp-content\/uploads\/2024\/10\/190_JOE240825_107_Trutnov_web-1320x878.jpg 1320w\" sizes=\"auto, (max-width: 2000px) 100vw, 2000px\" \/><\/figure>\n\n\n\n<p><br>\u2026 or the martial \u2018Cocotte Minute\u2019, \u2026<\/p>\n<\/div>\n\n\n\n<div class=\"wp-block-column is-layout-flow wp-block-column-is-layout-flow\">\n<figure class=\"wp-block-image size-full tw-mb-0 tw-mt-5\"><img loading=\"lazy\" decoding=\"async\" width=\"1331\" height=\"2000\" src=\"https:\/\/kulturaktiv.org\/wp-content\/uploads\/2024\/10\/200_JOE240825_136_Trutnov_web.jpg\" alt=\"\" class=\"wp-image-73554\" srcset=\"https:\/\/kulturaktiv.org\/wp-content\/uploads\/2024\/10\/200_JOE240825_136_Trutnov_web.jpg 1331w, https:\/\/kulturaktiv.org\/wp-content\/uploads\/2024\/10\/200_JOE240825_136_Trutnov_web-100x150.jpg 100w, https:\/\/kulturaktiv.org\/wp-content\/uploads\/2024\/10\/200_JOE240825_136_Trutnov_web-1022x1536.jpg 1022w, https:\/\/kulturaktiv.org\/wp-content\/uploads\/2024\/10\/200_JOE240825_136_Trutnov_web-1320x1983.jpg 1320w\" sizes=\"auto, (max-width: 1331px) 100vw, 1331px\" \/><\/figure>\n\n\n\n<p><br>\u2026 whose guitarist Ond\u0159ej \u2018Czend\u00e1l\u2019 Vor\u0161ilka charmingly thanks the youngest fan. \u2026<\/p>\n<\/div>\n<\/div>\n\n\n\n<div class=\"wp-block-columns alignwide is-layout-flex wp-container-core-columns-is-layout-d0b3c9c8 wp-block-columns-is-layout-flex\">\n<div class=\"wp-block-column is-layout-flow wp-block-column-is-layout-flow\">\n<figure class=\"wp-block-image size-full tw-mb-0 tw-mt-5\"><img loading=\"lazy\" decoding=\"async\" width=\"2000\" height=\"1331\" src=\"https:\/\/kulturaktiv.org\/wp-content\/uploads\/2024\/10\/210_JOE240825_022_Trutnov_web.jpg\" alt=\"\" class=\"wp-image-73556\" srcset=\"https:\/\/kulturaktiv.org\/wp-content\/uploads\/2024\/10\/210_JOE240825_022_Trutnov_web.jpg 2000w, https:\/\/kulturaktiv.org\/wp-content\/uploads\/2024\/10\/210_JOE240825_022_Trutnov_web-150x100.jpg 150w, https:\/\/kulturaktiv.org\/wp-content\/uploads\/2024\/10\/210_JOE240825_022_Trutnov_web-1536x1022.jpg 1536w, https:\/\/kulturaktiv.org\/wp-content\/uploads\/2024\/10\/210_JOE240825_022_Trutnov_web-1320x878.jpg 1320w\" sizes=\"auto, (max-width: 2000px) 100vw, 2000px\" \/><\/figure>\n\n\n\n<p><br>\u2026 Our thanks goes to Eva Navr\u00e1tilov\u00e1, the organiser of the festival, \u2026<\/p>\n<\/div>\n\n\n\n<div class=\"wp-block-column is-layout-flow wp-block-column-is-layout-flow\">\n<figure class=\"wp-block-image size-full tw-mb-0 tw-mt-5\"><img loading=\"lazy\" decoding=\"async\" width=\"2000\" height=\"1333\" src=\"https:\/\/kulturaktiv.org\/wp-content\/uploads\/2024\/10\/220_JOE240825_015_Trutnov_web.jpg\" alt=\"\" class=\"wp-image-73558\" srcset=\"https:\/\/kulturaktiv.org\/wp-content\/uploads\/2024\/10\/220_JOE240825_015_Trutnov_web.jpg 2000w, https:\/\/kulturaktiv.org\/wp-content\/uploads\/2024\/10\/220_JOE240825_015_Trutnov_web-150x100.jpg 150w, https:\/\/kulturaktiv.org\/wp-content\/uploads\/2024\/10\/220_JOE240825_015_Trutnov_web-1536x1024.jpg 1536w, https:\/\/kulturaktiv.org\/wp-content\/uploads\/2024\/10\/220_JOE240825_015_Trutnov_web-1320x880.jpg 1320w\" sizes=\"auto, (max-width: 2000px) 100vw, 2000px\" \/><\/figure>\n\n\n\n<p><br>\u2026 and of course to Martin \u2018Geronimo\u2019 V\u011bchet, the head of TrutnOFF Open Air. &#8230;<\/p>\n<\/div>\n<\/div>\n\n\n\n<div class=\"wp-block-columns alignwide is-layout-flex wp-container-core-columns-is-layout-eca1103a wp-block-columns-is-layout-flex\" style=\"margin-bottom:var(--wp--preset--spacing--80)\">\n<div class=\"wp-block-column is-vertically-aligned-center is-layout-flow wp-block-column-is-layout-flow\">\n<figure class=\"wp-block-image size-full tw-mb-0 tw-mt-5\"><img loading=\"lazy\" decoding=\"async\" width=\"2000\" height=\"924\" src=\"https:\/\/kulturaktiv.org\/wp-content\/uploads\/2024\/10\/230_JOE240825_153155_Trutnov_web.jpg\" alt=\"\" class=\"wp-image-73560\" srcset=\"https:\/\/kulturaktiv.org\/wp-content\/uploads\/2024\/10\/230_JOE240825_153155_Trutnov_web.jpg 2000w, https:\/\/kulturaktiv.org\/wp-content\/uploads\/2024\/10\/230_JOE240825_153155_Trutnov_web-150x69.jpg 150w, https:\/\/kulturaktiv.org\/wp-content\/uploads\/2024\/10\/230_JOE240825_153155_Trutnov_web-1536x710.jpg 1536w, https:\/\/kulturaktiv.org\/wp-content\/uploads\/2024\/10\/230_JOE240825_153155_Trutnov_web-1320x610.jpg 1320w\" sizes=\"auto, (max-width: 2000px) 100vw, 2000px\" \/><\/figure>\n\n\n\n<p><br>\u2026 It was an honour for us to be there \u2026<\/p>\n<\/div>\n\n\n\n<div class=\"wp-block-column is-layout-flow wp-block-column-is-layout-flow\">\n<figure class=\"wp-block-image size-full tw-mb-0 tw-mt-5\"><img loading=\"lazy\" decoding=\"async\" width=\"2000\" height=\"2000\" src=\"https:\/\/kulturaktiv.org\/wp-content\/uploads\/2024\/10\/240_JOE240825_100328_Trutnov_web.jpg\" alt=\"\" class=\"wp-image-73562\" srcset=\"https:\/\/kulturaktiv.org\/wp-content\/uploads\/2024\/10\/240_JOE240825_100328_Trutnov_web.jpg 2000w, https:\/\/kulturaktiv.org\/wp-content\/uploads\/2024\/10\/240_JOE240825_100328_Trutnov_web-300x300.jpg 300w, https:\/\/kulturaktiv.org\/wp-content\/uploads\/2024\/10\/240_JOE240825_100328_Trutnov_web-1024x1024.jpg 1024w, https:\/\/kulturaktiv.org\/wp-content\/uploads\/2024\/10\/240_JOE240825_100328_Trutnov_web-150x150.jpg 150w, https:\/\/kulturaktiv.org\/wp-content\/uploads\/2024\/10\/240_JOE240825_100328_Trutnov_web-768x768.jpg 768w, https:\/\/kulturaktiv.org\/wp-content\/uploads\/2024\/10\/240_JOE240825_100328_Trutnov_web-1536x1536.jpg 1536w, https:\/\/kulturaktiv.org\/wp-content\/uploads\/2024\/10\/240_JOE240825_100328_Trutnov_web-1320x1320.jpg 1320w\" sizes=\"auto, (max-width: 2000px) 100vw, 2000px\" \/><\/figure>\n\n\n\n<p><br>\u2026 and a pleasure too &#8211; Om!<\/p>\n<\/div>\n<\/div>\n<\/div>\n","protected":false},"excerpt":{"rendered":"<p>TrutnOFF Open Air 2024: \u2026 \u2026 four days of \u201cLove \u2026 \u2026 Peace \u2013 and the call for \u2013 \u2026 \u2026 and Music\u201d. \u2026 \u2026 And with coffee &#8211; at Jana and Mat\u011bj, \u2026 \u2026 South Moravian wine &#8211; at Marek \u010cmelik, Daniela and Anett, \u2026 \u2026 and meetings, here with Czech punk legend \u0160t\u011bp\u00e1n [&hellip;]<\/p>\n","protected":false},"author":2,"featured_media":73529,"comment_status":"closed","ping_status":"open","sticky":false,"template":"","format":"standard","meta":{"give_campaign_id":0,"footnotes":""},"categories":[828,709],"tags":[1005],"class_list":["post-73671","post","type-post","status-publish","format-standard","has-post-thumbnail","hentry","category-decode-eastern-europe","category-galerie-neuropa-en","tag-chechia"],"blocksy_meta":{"has_hero_section":"disabled","hero_margin":"40px","hero_alignment1":"left","styles_descriptor":{"styles":{"desktop":"","tablet":"","mobile":""},"google_fonts":[],"version":6},"disable_related_posts":"no","disable_footer":"no","vertical_spacing_source":"custom","content_area_spacing":"none"},"_links":{"self":[{"href":"https:\/\/kulturaktiv.org\/en\/wp-json\/wp\/v2\/posts\/73671","targetHints":{"allow":["GET"]}}],"collection":[{"href":"https:\/\/kulturaktiv.org\/en\/wp-json\/wp\/v2\/posts"}],"about":[{"href":"https:\/\/kulturaktiv.org\/en\/wp-json\/wp\/v2\/types\/post"}],"author":[{"embeddable":true,"href":"https:\/\/kulturaktiv.org\/en\/wp-json\/wp\/v2\/users\/2"}],"replies":[{"embeddable":true,"href":"https:\/\/kulturaktiv.org\/en\/wp-json\/wp\/v2\/comments?post=73671"}],"version-history":[{"count":3,"href":"https:\/\/kulturaktiv.org\/en\/wp-json\/wp\/v2\/posts\/73671\/revisions"}],"predecessor-version":[{"id":73725,"href":"https:\/\/kulturaktiv.org\/en\/wp-json\/wp\/v2\/posts\/73671\/revisions\/73725"}],"wp:featuredmedia":[{"embeddable":true,"href":"https:\/\/kulturaktiv.org\/en\/wp-json\/wp\/v2\/media\/73529"}],"wp:attachment":[{"href":"https:\/\/kulturaktiv.org\/en\/wp-json\/wp\/v2\/media?parent=73671"}],"wp:term":[{"taxonomy":"category","embeddable":true,"href":"https:\/\/kulturaktiv.org\/en\/wp-json\/wp\/v2\/categories?post=73671"},{"taxonomy":"post_tag","embeddable":true,"href":"https:\/\/kulturaktiv.org\/en\/wp-json\/wp\/v2\/tags?post=73671"}],"curies":[{"name":"wp","href":"https:\/\/api.w.org\/{rel}","templated":true}]}}