{"id":79008,"date":"2025-05-31T10:00:00","date_gmt":"2025-05-31T08:00:00","guid":{"rendered":"https:\/\/kulturaktiv.org\/?p=79008"},"modified":"2026-03-26T17:04:19","modified_gmt":"2026-03-26T15:04:19","slug":"picture-wall","status":"publish","type":"post","link":"https:\/\/kulturaktiv.org\/en\/picture-wall\/","title":{"rendered":"Picture wall"},"content":{"rendered":"\n<div style=\"height:25px\" aria-hidden=\"true\" class=\"wp-block-spacer\"><\/div>\n\n\n\n<figure class=\"wp-block-image size-full\"><img loading=\"lazy\" decoding=\"async\" width=\"2560\" height=\"1707\" src=\"https:\/\/kulturaktiv.org\/wp-content\/uploads\/2026\/03\/2025-05-Kultur-macht-stark-Wandbild-Projekt-c-Janina-Kracht-1-edited-scaled.jpg\" alt=\"\" class=\"wp-image-79023\" srcset=\"https:\/\/kulturaktiv.org\/wp-content\/uploads\/2026\/03\/2025-05-Kultur-macht-stark-Wandbild-Projekt-c-Janina-Kracht-1-edited-scaled.jpg 2560w, https:\/\/kulturaktiv.org\/wp-content\/uploads\/2026\/03\/2025-05-Kultur-macht-stark-Wandbild-Projekt-c-Janina-Kracht-1-edited-150x100.jpg 150w, https:\/\/kulturaktiv.org\/wp-content\/uploads\/2026\/03\/2025-05-Kultur-macht-stark-Wandbild-Projekt-c-Janina-Kracht-1-edited-1536x1024.jpg 1536w, https:\/\/kulturaktiv.org\/wp-content\/uploads\/2026\/03\/2025-05-Kultur-macht-stark-Wandbild-Projekt-c-Janina-Kracht-1-edited-2048x1365.jpg 2048w, https:\/\/kulturaktiv.org\/wp-content\/uploads\/2026\/03\/2025-05-Kultur-macht-stark-Wandbild-Projekt-c-Janina-Kracht-1-edited-1320x880.jpg 1320w\" sizes=\"auto, (max-width: 2560px) 100vw, 2560px\" \/><\/figure>\n\n\n\n<p class=\"has-text-align-center has-small-font-size\"><em>\u00a9 Janina Kracht (2025)<\/em><\/p>\n\n\n\n<p>As part of the \u2018Bilderwand\u2019 (picture wall) project, children and young people from a residential centre for refugees in Dresden worked together to create a large mural for their common room. Over the course of three weekends, numerous individual drawings and sketches were brought together to form a colourful collaborative artwork that has visibly transformed the space and given the families a piece of an environment they have helped to create themselves.<\/p>\n\n\n\n<h3 class=\"wp-block-heading\">Three weekends packed with creativity: explore Dresden closely<\/h3>\n\n\n\n<p>During each course weekend (from 9 am to 3 pm), the participants first got to know Dresden from a new perspective. Stories, photos and brief introductions to well-known places, buildings and events in the city served as a starting point. The children and young people, most of whom had not been living in Dresden for very long, translated what they had heard and seen into their own drawings, paintings and simple prints \u2013 with plenty of freedom to express their individual views of the city.<\/p>\n\n\n\n<h3 class=\"wp-block-heading\">Creating the mural together<\/h3>\n\n\n\n<p>From the numerous sketches, the group worked together to develop ideas for a large mural. Step by step, a design emerged that combines typical Dresden views with the participants\u2019 personal experiences and wishes. The mural was then transferred directly onto the wall of the common room using acrylic paints, partly supplemented by collaged image fragments. In this way, many individual works came together to form a single, powerful image, to which everyone could contribute according to their abilities.<\/p>\n\n\n\n<div class=\"wp-block-columns is-layout-flex wp-container-core-columns-is-layout-d0b3c9c8 wp-block-columns-is-layout-flex\">\n<div class=\"wp-block-column is-layout-flow wp-block-column-is-layout-flow\">\n<figure class=\"wp-block-image size-full\"><img loading=\"lazy\" decoding=\"async\" width=\"1920\" height=\"2560\" src=\"https:\/\/kulturaktiv.org\/wp-content\/uploads\/2026\/03\/2025-05-17-Kultur-macht-stark-Wandbild-Projekt-c-Janina-Kracht-2-scaled.jpg\" alt=\"\" class=\"wp-image-79018\" style=\"aspect-ratio:1;object-fit:cover\" srcset=\"https:\/\/kulturaktiv.org\/wp-content\/uploads\/2026\/03\/2025-05-17-Kultur-macht-stark-Wandbild-Projekt-c-Janina-Kracht-2-scaled.jpg 1920w, https:\/\/kulturaktiv.org\/wp-content\/uploads\/2026\/03\/2025-05-17-Kultur-macht-stark-Wandbild-Projekt-c-Janina-Kracht-2-113x150.jpg 113w, https:\/\/kulturaktiv.org\/wp-content\/uploads\/2026\/03\/2025-05-17-Kultur-macht-stark-Wandbild-Projekt-c-Janina-Kracht-2-1152x1536.jpg 1152w, https:\/\/kulturaktiv.org\/wp-content\/uploads\/2026\/03\/2025-05-17-Kultur-macht-stark-Wandbild-Projekt-c-Janina-Kracht-2-1536x2048.jpg 1536w, https:\/\/kulturaktiv.org\/wp-content\/uploads\/2026\/03\/2025-05-17-Kultur-macht-stark-Wandbild-Projekt-c-Janina-Kracht-2-1320x1760.jpg 1320w\" sizes=\"auto, (max-width: 1920px) 100vw, 1920px\" \/><\/figure>\n<\/div>\n\n\n\n<div class=\"wp-block-column is-layout-flow wp-block-column-is-layout-flow\">\n<figure class=\"wp-block-image size-full\"><img loading=\"lazy\" decoding=\"async\" width=\"1920\" height=\"2560\" src=\"https:\/\/kulturaktiv.org\/wp-content\/uploads\/2026\/03\/2025-03-30-Kultur-macht-stark-Wandbild-Projekt-c-Janina-Kracht-1-scaled.jpg\" alt=\"\" class=\"wp-image-79014\" style=\"aspect-ratio:1;object-fit:cover\" srcset=\"https:\/\/kulturaktiv.org\/wp-content\/uploads\/2026\/03\/2025-03-30-Kultur-macht-stark-Wandbild-Projekt-c-Janina-Kracht-1-scaled.jpg 1920w, https:\/\/kulturaktiv.org\/wp-content\/uploads\/2026\/03\/2025-03-30-Kultur-macht-stark-Wandbild-Projekt-c-Janina-Kracht-1-113x150.jpg 113w, https:\/\/kulturaktiv.org\/wp-content\/uploads\/2026\/03\/2025-03-30-Kultur-macht-stark-Wandbild-Projekt-c-Janina-Kracht-1-1152x1536.jpg 1152w, https:\/\/kulturaktiv.org\/wp-content\/uploads\/2026\/03\/2025-03-30-Kultur-macht-stark-Wandbild-Projekt-c-Janina-Kracht-1-1536x2048.jpg 1536w, https:\/\/kulturaktiv.org\/wp-content\/uploads\/2026\/03\/2025-03-30-Kultur-macht-stark-Wandbild-Projekt-c-Janina-Kracht-1-1320x1760.jpg 1320w\" sizes=\"auto, (max-width: 1920px) 100vw, 1920px\" \/><\/figure>\n<\/div>\n\n\n\n<div class=\"wp-block-column is-layout-flow wp-block-column-is-layout-flow\">\n<figure class=\"wp-block-image size-full\"><img loading=\"lazy\" decoding=\"async\" width=\"2560\" height=\"1920\" src=\"https:\/\/kulturaktiv.org\/wp-content\/uploads\/2026\/03\/2025-05-17-Kultur-macht-stark-Wandbild-Projekt-c-Janina-Kracht-1-scaled.jpg\" alt=\"\" class=\"wp-image-79016\" style=\"aspect-ratio:1;object-fit:cover\" srcset=\"https:\/\/kulturaktiv.org\/wp-content\/uploads\/2026\/03\/2025-05-17-Kultur-macht-stark-Wandbild-Projekt-c-Janina-Kracht-1-scaled.jpg 2560w, https:\/\/kulturaktiv.org\/wp-content\/uploads\/2026\/03\/2025-05-17-Kultur-macht-stark-Wandbild-Projekt-c-Janina-Kracht-1-150x113.jpg 150w, https:\/\/kulturaktiv.org\/wp-content\/uploads\/2026\/03\/2025-05-17-Kultur-macht-stark-Wandbild-Projekt-c-Janina-Kracht-1-1536x1152.jpg 1536w, https:\/\/kulturaktiv.org\/wp-content\/uploads\/2026\/03\/2025-05-17-Kultur-macht-stark-Wandbild-Projekt-c-Janina-Kracht-1-2048x1536.jpg 2048w, https:\/\/kulturaktiv.org\/wp-content\/uploads\/2026\/03\/2025-05-17-Kultur-macht-stark-Wandbild-Projekt-c-Janina-Kracht-1-1320x990.jpg 1320w\" sizes=\"auto, (max-width: 2560px) 100vw, 2560px\" \/><\/figure>\n<\/div>\n<\/div>\n\n\n\n<p class=\"has-text-align-center has-small-font-size\"><em>\u00a9 Janina Kracht (2025)<\/em><\/p>\n\n\n\n<h3 class=\"wp-block-heading\">What we wanted to achieve<\/h3>\n\n\n\n<p>The central aim of the project was to provide low-threshold access to culture and the city\u2019s history, and to encourage artistic expression. The children and young people were able to learn new things about their (as yet) unfamiliar city, process their experiences artistically, and at the same time experience a sense of self-efficacy: \u201cThis is our picture, our space.\u201d The creative processes strengthened imagination, concentration and collaborative working.<\/p>\n\n\n\n<h3 class=\"wp-block-heading\">The two course leaders<\/h3>\n\n\n\n<p>The weekend courses were led by visual artist Elena Pagel and cultural educator Janina Kracht, both of whom have been active in cultural education for many years. In a supportive atmosphere, they guided the group from the first stroke to the finished mural.<\/p>\n\n\n\n<h3 class=\"wp-block-heading\">Partners and next steps<\/h3>\n\n\n\n<p>The project also deepened the collaboration between the participating partners: the cooperation between Cultus gGmbH Dresden, Kultur Aktiv e.V. and Freie Akademie Kunst + Bau e.V. was strengthened through practical work. The positive experiences, the residents\u2019 feedback and the visible result in the building form a solid foundation for further joint cultural education projects with refugee families.<\/p>\n\n\n\n<div class=\"wp-block-columns is-layout-flex wp-container-core-columns-is-layout-d0b3c9c8 wp-block-columns-is-layout-flex\">\n<div class=\"wp-block-column is-layout-flow wp-block-column-is-layout-flow\">\n<figure class=\"wp-block-image size-full\"><img loading=\"lazy\" decoding=\"async\" width=\"1000\" height=\"966\" src=\"https:\/\/kulturaktiv.org\/wp-content\/uploads\/2026\/03\/BfB_RGB_Spielen-Entdecken.png\" alt=\"\" class=\"wp-image-79001\" srcset=\"https:\/\/kulturaktiv.org\/wp-content\/uploads\/2026\/03\/BfB_RGB_Spielen-Entdecken.png 1000w, https:\/\/kulturaktiv.org\/wp-content\/uploads\/2026\/03\/BfB_RGB_Spielen-Entdecken-150x145.png 150w\" sizes=\"auto, (max-width: 1000px) 100vw, 1000px\" \/><\/figure>\n<\/div>\n\n\n\n<div class=\"wp-block-column is-layout-flow wp-block-column-is-layout-flow\">\n<figure class=\"wp-block-image size-full\"><img loading=\"lazy\" decoding=\"async\" width=\"1000\" height=\"1112\" src=\"https:\/\/kulturaktiv.org\/wp-content\/uploads\/2026\/03\/BfB_RGB_Personen.png\" alt=\"\" class=\"wp-image-78999\" srcset=\"https:\/\/kulturaktiv.org\/wp-content\/uploads\/2026\/03\/BfB_RGB_Personen.png 1000w, https:\/\/kulturaktiv.org\/wp-content\/uploads\/2026\/03\/BfB_RGB_Personen-135x150.png 135w\" sizes=\"auto, (max-width: 1000px) 100vw, 1000px\" \/><\/figure>\n<\/div>\n\n\n\n<div class=\"wp-block-column is-layout-flow wp-block-column-is-layout-flow\">\n<figure class=\"wp-block-image size-full\"><img loading=\"lazy\" decoding=\"async\" width=\"1000\" height=\"966\" src=\"https:\/\/kulturaktiv.org\/wp-content\/uploads\/2026\/03\/BfB_RGB_Malen-Gestalten.png\" alt=\"\" class=\"wp-image-78997\" srcset=\"https:\/\/kulturaktiv.org\/wp-content\/uploads\/2026\/03\/BfB_RGB_Malen-Gestalten.png 1000w, https:\/\/kulturaktiv.org\/wp-content\/uploads\/2026\/03\/BfB_RGB_Malen-Gestalten-150x145.png 150w\" sizes=\"auto, (max-width: 1000px) 100vw, 1000px\" \/><\/figure>\n<\/div>\n<\/div>\n\n\n\n<div id=\"kontakt\" class=\"wp-block-group has-transparent-background-color has-background tw-shadow is-layout-flow wp-block-group-is-layout-flow\">\n<h4 class=\"wp-block-heading has-palette-color-1-color has-text-color has-link-color wp-elements-34ea37b2cb3418f8a7df7c01ad324705\">Kultur macht stark &#8211; Bilderwand (picture wall)<\/h4>\n\n\n\n<div class=\"wp-block-columns is-layout-flex wp-container-core-columns-is-layout-d0b3c9c8 wp-block-columns-is-layout-flex\">\n<div class=\"wp-block-column is-layout-flow wp-block-column-is-layout-flow\">\n<p class=\"has-small-font-size\">Refugee children and young people are creating a colourful mural, rediscovering Dresden\u2019s history in a creative way.<\/p>\n<\/div>\n\n\n\n<div class=\"wp-block-column is-layout-flow wp-block-column-is-layout-flow\">\n<p class=\"has-small-font-size\"><strong>Period<\/strong><br>02-05.2025<\/p>\n\n\n\n<p class=\"has-small-font-size\"><strong><strong>Project partners<\/strong><\/strong><br>Janina Kracht, Elena Pagel<\/p>\n\n\n\n<p class=\"has-small-font-size\"><strong><strong>Project coordination<\/strong><\/strong><br><a href=\"https:\/\/www.freie-akademie-dresden.de\/\" target=\"_blank\" rel=\"noreferrer noopener\">Freie Akademie Kunst + Bau e.V.<\/a><\/p>\n\n\n\n<p class=\"has-small-font-size\"><strong><strong>Cooperation partners<\/strong><\/strong><br>Kultur Aktiv e.V., <a href=\"https:\/\/www.cultus-dresden.de\/\">Cultus gGmbH<\/a><\/p>\n<\/div>\n<\/div>\n\n\n\n<p class=\"has-small-font-size\"><strong>Supported by<\/strong><br>Unter dem Titel \u201eWir k\u00f6nnen Kunst\u201c\u00ad f\u00f6rdert der Bundesverband <a href=\"https:\/\/www.bbk-bundesverband.de\/\" target=\"_blank\" rel=\"noreferrer noopener\">Bildender K\u00fcnstlerinnen und K\u00fcnstler e.V. (BBK)<\/a> als Programmpartner des <a href=\"https:\/\/www.bmbf.de\/DE\/Home\/home_node.html\" target=\"_blank\" rel=\"noreferrer noopener\">Bundesministerium f\u00fcr Bildung und Forschung (BMBF)<\/a> Kunstprojekte lokaler B\u00fcndnisse, die von professionellen Bildenden K\u00fcnstler:innen f\u00fcr Kinder und Jugendliche durchgef\u00fchrt werden, deren Bildungschancen eingeschr\u00e4nkt sind.<br>Under the title <a href=\"https:\/\/interkulturmachtkunst.de\/\">\u201cInterKulturMachtKunst \u2013 KunstMachtInterKultur\u201d<\/a>, the <a href=\"https:\/\/www.bv-nemo.de\/\">Federal Association of Networks of Migrant Organisations (BV NeMO)<\/a>, as a programme partner of the <a href=\"https:\/\/www.bmbf.de\/DE\/Home\/home_node.html\">Federal Ministry of Education and Research (BMBF)<\/a>, supports art projects run by local alliances and carried out by professional visual artists for children and young people whose educational opportunities are limited.<\/p>\n\n\n\n<div class=\"wp-block-columns is-layout-flex wp-container-core-columns-is-layout-d0b3c9c8 wp-block-columns-is-layout-flex\">\n<div class=\"wp-block-column is-layout-flow wp-block-column-is-layout-flow\">\n<figure class=\"wp-block-image size-full\"><img loading=\"lazy\" decoding=\"async\" width=\"294\" height=\"102\" src=\"https:\/\/kulturaktiv.org\/wp-content\/uploads\/2026\/03\/grafik-4.png\" alt=\"\" class=\"wp-image-78995\" srcset=\"https:\/\/kulturaktiv.org\/wp-content\/uploads\/2026\/03\/grafik-4.png 294w, https:\/\/kulturaktiv.org\/wp-content\/uploads\/2026\/03\/grafik-4-150x52.png 150w\" sizes=\"auto, (max-width: 294px) 100vw, 294px\" \/><\/figure>\n<\/div>\n\n\n\n<div class=\"wp-block-column is-layout-flow wp-block-column-is-layout-flow\">\n<figure class=\"wp-block-image size-full\"><img loading=\"lazy\" decoding=\"async\" width=\"688\" height=\"174\" src=\"https:\/\/kulturaktiv.org\/wp-content\/uploads\/2025\/05\/grafik-3-e1751454189520.png\" alt=\"\" class=\"wp-image-76662\" srcset=\"https:\/\/kulturaktiv.org\/wp-content\/uploads\/2025\/05\/grafik-3-e1751454189520.png 688w, https:\/\/kulturaktiv.org\/wp-content\/uploads\/2025\/05\/grafik-3-e1751454189520-150x38.png 150w\" sizes=\"auto, (max-width: 688px) 100vw, 688px\" \/><\/figure>\n<\/div>\n<\/div>\n<\/div>\n","protected":false},"excerpt":{"rendered":"<p>Refugee children and young people are creating a colourful mural, rediscovering Dresden\u2019s history in a creative way.<\/p>\n","protected":false},"author":3,"featured_media":79017,"comment_status":"closed","ping_status":"open","sticky":false,"template":"","format":"standard","meta":{"give_campaign_id":0,"footnotes":""},"categories":[1042,469,1067,470],"tags":[],"class_list":["post-79008","post","type-post","status-publish","format-standard","has-post-thumbnail","hentry","category-2025-en","category-dresden-en","category-kultur-macht-stark-en","category-projects"],"blocksy_meta":[],"_links":{"self":[{"href":"https:\/\/kulturaktiv.org\/en\/wp-json\/wp\/v2\/posts\/79008","targetHints":{"allow":["GET"]}}],"collection":[{"href":"https:\/\/kulturaktiv.org\/en\/wp-json\/wp\/v2\/posts"}],"about":[{"href":"https:\/\/kulturaktiv.org\/en\/wp-json\/wp\/v2\/types\/post"}],"author":[{"embeddable":true,"href":"https:\/\/kulturaktiv.org\/en\/wp-json\/wp\/v2\/users\/3"}],"replies":[{"embeddable":true,"href":"https:\/\/kulturaktiv.org\/en\/wp-json\/wp\/v2\/comments?post=79008"}],"version-history":[{"count":2,"href":"https:\/\/kulturaktiv.org\/en\/wp-json\/wp\/v2\/posts\/79008\/revisions"}],"predecessor-version":[{"id":79028,"href":"https:\/\/kulturaktiv.org\/en\/wp-json\/wp\/v2\/posts\/79008\/revisions\/79028"}],"wp:featuredmedia":[{"embeddable":true,"href":"https:\/\/kulturaktiv.org\/en\/wp-json\/wp\/v2\/media\/79017"}],"wp:attachment":[{"href":"https:\/\/kulturaktiv.org\/en\/wp-json\/wp\/v2\/media?parent=79008"}],"wp:term":[{"taxonomy":"category","embeddable":true,"href":"https:\/\/kulturaktiv.org\/en\/wp-json\/wp\/v2\/categories?post=79008"},{"taxonomy":"post_tag","embeddable":true,"href":"https:\/\/kulturaktiv.org\/en\/wp-json\/wp\/v2\/tags?post=79008"}],"curies":[{"name":"wp","href":"https:\/\/api.w.org\/{rel}","templated":true}]}}