{"id":79062,"date":"2026-01-01T05:45:00","date_gmt":"2026-01-01T03:45:00","guid":{"rendered":"https:\/\/kulturaktiv.org\/?p=79062"},"modified":"2026-04-29T14:14:13","modified_gmt":"2026-04-29T12:14:13","slug":"duc-viet","status":"publish","type":"post","link":"https:\/\/kulturaktiv.org\/en\/duc-viet\/","title":{"rendered":"\u0110\u1ee9c-Vi\u1ec7t"},"content":{"rendered":"\n<div style=\"height:25px\" aria-hidden=\"true\" class=\"wp-block-spacer\"><\/div>\n\n\n\n<div class=\"wp-block-group alignwide has-palette-color-4-background-color has-background is-layout-constrained wp-block-group-is-layout-constrained\">\n<p>Former contract workers from Vietnam have left their mark on Saxony \u2013 yet their stories are largely unknown. With \u201c\u0110\u1ee9c\u2011Vi\u1ec7t. German-Vietnamese Life in Saxony\u201d, we are bringing to light their experiences from the GDR era, the Peaceful Revolution, reunification and the present day. In video interviews, Vietnamese and German eyewitnesses share their stories: They talk about work and everyday life, racism and solidarity, new beginnings and lasting bonds. Their biographies reveal the GDR as a society of migration and show how closely German-Vietnamese life paths remain intertwined to this day. On this page, you will find selected background information and insights into our oral history work \u2013 bilingual, accessible and open to further contributions.<\/p>\n<\/div>\n\n\n\n<div class=\"wp-block-group alignwide has-background is-layout-constrained wp-block-group-is-layout-constrained\" style=\"background-color:#af46ec\">\n<div class=\"wp-block-columns is-layout-flex wp-container-core-columns-is-layout-d0b3c9c8 wp-block-columns-is-layout-flex\">\n<div class=\"wp-block-column is-layout-flow wp-block-column-is-layout-flow\">\n<figure class=\"wp-block-image size-full wp-duotone-unset-1\"><img loading=\"lazy\" decoding=\"async\" width=\"1080\" height=\"1080\" src=\"https:\/\/kulturaktiv.org\/wp-content\/uploads\/2026\/04\/Galerie-kulturaktiv.org-Duc-Viet_1.1.jpg\" alt=\"\" class=\"wp-image-79105\" srcset=\"https:\/\/kulturaktiv.org\/wp-content\/uploads\/2026\/04\/Galerie-kulturaktiv.org-Duc-Viet_1.1.jpg 1080w, https:\/\/kulturaktiv.org\/wp-content\/uploads\/2026\/04\/Galerie-kulturaktiv.org-Duc-Viet_1.1-300x300.jpg 300w, https:\/\/kulturaktiv.org\/wp-content\/uploads\/2026\/04\/Galerie-kulturaktiv.org-Duc-Viet_1.1-1024x1024.jpg 1024w, https:\/\/kulturaktiv.org\/wp-content\/uploads\/2026\/04\/Galerie-kulturaktiv.org-Duc-Viet_1.1-150x150.jpg 150w, https:\/\/kulturaktiv.org\/wp-content\/uploads\/2026\/04\/Galerie-kulturaktiv.org-Duc-Viet_1.1-768x768.jpg 768w\" sizes=\"auto, (max-width: 1080px) 100vw, 1080px\" \/><\/figure>\n<\/div>\n\n\n\n<div class=\"wp-block-column is-layout-flow wp-block-column-is-layout-flow\">\n<figure class=\"wp-block-image size-full\"><img loading=\"lazy\" decoding=\"async\" width=\"1080\" height=\"1080\" src=\"https:\/\/kulturaktiv.org\/wp-content\/uploads\/2026\/04\/Galerie-kulturaktiv.org-Duc-Viet_2.1.jpg\" alt=\"\" class=\"wp-image-79107\" srcset=\"https:\/\/kulturaktiv.org\/wp-content\/uploads\/2026\/04\/Galerie-kulturaktiv.org-Duc-Viet_2.1.jpg 1080w, https:\/\/kulturaktiv.org\/wp-content\/uploads\/2026\/04\/Galerie-kulturaktiv.org-Duc-Viet_2.1-300x300.jpg 300w, https:\/\/kulturaktiv.org\/wp-content\/uploads\/2026\/04\/Galerie-kulturaktiv.org-Duc-Viet_2.1-1024x1024.jpg 1024w, https:\/\/kulturaktiv.org\/wp-content\/uploads\/2026\/04\/Galerie-kulturaktiv.org-Duc-Viet_2.1-150x150.jpg 150w, https:\/\/kulturaktiv.org\/wp-content\/uploads\/2026\/04\/Galerie-kulturaktiv.org-Duc-Viet_2.1-768x768.jpg 768w\" sizes=\"auto, (max-width: 1080px) 100vw, 1080px\" \/><\/figure>\n<\/div>\n<\/div>\n\n\n\n<p class=\"has-text-align-center has-palette-color-4-color has-text-color has-link-color has-small-font-size wp-elements-de68e738346d24f77a823befb855b68a\"><em>Spring 2026: Project manager Hung Cao The is on a research trip in Vietnam, meeting former contract workers, embassy staff and students in the GDR \u2013 and conducting his first interviews with eyewitnesses.<br>Photos: Hung Cao The<\/em><\/p>\n<\/div>\n\n\n\n<div class=\"wp-block-group alignwide has-palette-color-4-background-color has-background is-layout-constrained wp-block-group-is-layout-constrained\">\n<h3 class=\"wp-block-heading\">What is \u201c\u0110\u1ee9c\u2011Vi\u1ec7t\u201d about?<\/h3>\n\n\n\n<p>In \u201c\u0110\u1ee9c\u2011Vi\u1ec7t\u201d, we focus on the life stories of Vietnamese contract workers and their German colleagues. They recount their everyday lives in the GDR, the Peaceful Revolution, reunification and the challenging 1990s. Interviews with contemporary witnesses reveal how closely German and Vietnamese biographies remain intertwined to this day, and which experiences have hitherto remained in the shadow of official historiography.<\/p>\n\n\n\n<p>We document this in:<\/p>\n\n\n\n<ul class=\"wp-block-list\">\n<li>video interviews,<\/li>\n\n\n\n<li>project information (website, social media)<\/li>\n<\/ul>\n\n\n\n<p>Together with ten to twenty eyewitnesses, we bring <strong>memories and everyday realities<\/strong> to light, thereby expanding the collective memory. The focus is on <strong>documenting and archiving German-Vietnamese life stories in Saxony and Vietnam<\/strong> (including Hanoi, Dresden, Freital and Crimmitschau). Through interviews with eyewitnesses (in video and text formats), we are preserving a part of the more than 50-year history of German-Vietnamese relations and life stories. The Vietnamese eyewitnesses include former contract workers, embassy staff, students, businesspeople and returnees. The German eyewitnesses include, amongst others, former foremen and dormitory supervisors at VEB Kinderoberbekleidung Freital, a subsidiary of VEB Textilkombinat Cottbus, and the Crimmitschau full-cloth factory.<\/p>\n\n\n\n<p>By exploring Vietnamese life stories from before, during and after the Peaceful Revolution right up to the present day, we aim to highlight the tensions between personal success and achievements in nation-building, on the one hand, and the injustices suffered and the external control imposed by the GDR and the Socialist Republic of Vietnam, on the other.<\/p>\n<\/div>\n\n\n\n<div class=\"wp-block-group alignwide has-background is-layout-constrained wp-block-group-is-layout-constrained\" style=\"background-color:#af46ec\">\n<h3 class=\"wp-block-heading has-palette-color-4-color has-text-color has-link-color wp-elements-8badcde85c785fe45712c0e0388f0a9c\">Eyewitness accounts: Voices from Vietnam and Saxony<\/h3>\n\n\n\n<p class=\"has-palette-color-4-color has-text-color has-link-color wp-elements-fec112301605943144554dc3fcad76b0\">In our video interviews, we hear from people who experienced this history first-hand: former contract workers, students, embassy staff, foremen, care home workers and businesspeople. They talk about their arrival, work, housing, racism, solidarity and building a new life in Saxony. Each biography offers a unique perspective on German-Vietnamese relations over the past 50 years.<\/p>\n\n\n\n<div class=\"wp-block-columns is-layout-flex wp-container-core-columns-is-layout-d0b3c9c8 wp-block-columns-is-layout-flex\">\n<div class=\"wp-block-column is-layout-flow wp-block-column-is-layout-flow\">\n<figure class=\"wp-block-image size-full wp-duotone-unset-2\"><img loading=\"lazy\" decoding=\"async\" width=\"1080\" height=\"1080\" src=\"https:\/\/kulturaktiv.org\/wp-content\/uploads\/2026\/04\/Galerie-kulturaktiv.org-Duc-Viet_4.1.jpg\" alt=\"\" class=\"wp-image-79111\" srcset=\"https:\/\/kulturaktiv.org\/wp-content\/uploads\/2026\/04\/Galerie-kulturaktiv.org-Duc-Viet_4.1.jpg 1080w, https:\/\/kulturaktiv.org\/wp-content\/uploads\/2026\/04\/Galerie-kulturaktiv.org-Duc-Viet_4.1-300x300.jpg 300w, https:\/\/kulturaktiv.org\/wp-content\/uploads\/2026\/04\/Galerie-kulturaktiv.org-Duc-Viet_4.1-1024x1024.jpg 1024w, https:\/\/kulturaktiv.org\/wp-content\/uploads\/2026\/04\/Galerie-kulturaktiv.org-Duc-Viet_4.1-150x150.jpg 150w, https:\/\/kulturaktiv.org\/wp-content\/uploads\/2026\/04\/Galerie-kulturaktiv.org-Duc-Viet_4.1-768x768.jpg 768w\" sizes=\"auto, (max-width: 1080px) 100vw, 1080px\" \/><\/figure>\n<\/div>\n\n\n\n<div class=\"wp-block-column is-layout-flow wp-block-column-is-layout-flow\">\n<figure class=\"wp-block-image size-full\"><img loading=\"lazy\" decoding=\"async\" width=\"1080\" height=\"1080\" src=\"https:\/\/kulturaktiv.org\/wp-content\/uploads\/2026\/04\/Galerie-kulturaktiv.org-Duc-Viet_3.1.jpg\" alt=\"\" class=\"wp-image-79109\" srcset=\"https:\/\/kulturaktiv.org\/wp-content\/uploads\/2026\/04\/Galerie-kulturaktiv.org-Duc-Viet_3.1.jpg 1080w, https:\/\/kulturaktiv.org\/wp-content\/uploads\/2026\/04\/Galerie-kulturaktiv.org-Duc-Viet_3.1-300x300.jpg 300w, https:\/\/kulturaktiv.org\/wp-content\/uploads\/2026\/04\/Galerie-kulturaktiv.org-Duc-Viet_3.1-1024x1024.jpg 1024w, https:\/\/kulturaktiv.org\/wp-content\/uploads\/2026\/04\/Galerie-kulturaktiv.org-Duc-Viet_3.1-150x150.jpg 150w, https:\/\/kulturaktiv.org\/wp-content\/uploads\/2026\/04\/Galerie-kulturaktiv.org-Duc-Viet_3.1-768x768.jpg 768w\" sizes=\"auto, (max-width: 1080px) 100vw, 1080px\" \/><\/figure>\n<\/div>\n<\/div>\n\n\n\n<p class=\"has-text-align-center has-palette-color-4-color has-text-color has-link-color has-small-font-size wp-elements-de68e738346d24f77a823befb855b68a\"><em>Spring 2026: Project manager Hung Cao The is on a research trip in Vietnam, meeting former contract workers, embassy staff and students in the GDR \u2013 and conducting his first interviews with eyewitnesses.<br>Photos: Hung Cao The<\/em><\/p>\n<\/div>\n\n\n\n<div class=\"wp-block-group alignwide has-palette-color-4-background-color has-background is-layout-constrained wp-block-group-is-layout-constrained\">\n<h3 class=\"wp-block-heading\">The GDR as a migration society<\/h3>\n\n\n\n<p>The GDR was shaped by emigration and immigration \u2013 yet this history of migration is scarcely present in the public consciousness. Tens of thousands of contract workers from so-called socialist brother nations, primarily from Vietnam, worked in state-owned enterprises under strict regulations and often precarious conditions. Our project work demonstrates the extent to which GDR society was influenced by migration and the ways in which these ruptures and continuities continue to have an impact to this day.<\/p>\n<\/div>\n\n\n\n<div class=\"wp-block-group alignwide has-background is-layout-constrained wp-block-group-is-layout-constrained\" style=\"background-color:#af46ec\">\n<h3 class=\"wp-block-heading has-palette-color-4-color has-text-color has-link-color wp-elements-ef2336b13858f52d2208d17b04c4c11a\">Today in Saxony: Arriving, staying, participating<\/h3>\n\n\n\n<p class=\"has-palette-color-4-color has-text-color has-link-color wp-elements-424d6597140289992b713c491c467a33\">Many of the former contract workers and their families now live in Saxony \u2013 as business owners, employees, active members of community groups and neighbours. Vietnamese shops, restaurants and community groups are a familiar sight on the streets and play a key role in local civil society. At the same time, their experiences of insecurity, exclusion and racist violence stand in stark contrast to their positive memories of community and new beginnings.<\/p>\n<\/div>\n\n\n\n<div class=\"wp-block-group alignwide has-palette-color-4-background-color has-background is-layout-constrained wp-block-group-is-layout-constrained\">\n<h3 class=\"wp-block-heading\">Our approach: oral history and biographical storytelling<\/h3>\n\n\n\n<p>We use methods from oral history and biographical research to bring to light personal experiences that are not recorded in official documents or statistics. The focus is on individuals\u2019 stories, their memories, life transitions and perspectives. This yields multi-layered insights into German-Vietnamese history that are both useful for academic research and accessible to a wider audience.<\/p>\n<\/div>\n\n\n\n<div class=\"wp-block-group alignwide has-background is-layout-constrained wp-block-group-is-layout-constrained\" style=\"background-color:#af46ec\">\n<h3 class=\"wp-block-heading has-palette-color-4-color has-text-color has-link-color wp-elements-c978b74aacc5bc2a9bfb8658427a8700\">Archiving, preserving, making accessible<\/h3>\n\n\n\n<p class=\"has-palette-color-4-color has-text-color has-link-color wp-elements-57ea361005404a7d9c950ec1d66fb078\">The interviews are documented in video and text form, prepared in two languages and made available for research, education and the public. In addition, we collect private photographs, documents and materials that shed light on migration routes and processes of transformation. Step by step, this is creating a growing digital archive of German-Vietnamese life stories in Saxony and Vietnam.<\/p>\n<\/div>\n\n\n\n<div class=\"wp-block-group alignwide has-palette-color-4-background-color has-background is-layout-constrained wp-block-group-is-layout-constrained\">\n<h3 class=\"wp-block-heading\">Future plans: More stories, more connections<\/h3>\n\n\n\n<p>From 2027, we plan to launch an interview magazine, organise public events such as film screenings and discussions, and systematically digitise the materials. Together with our partners, including Weltclub \/ Afropa e.V., we are expanding our focus to include former contract workers from Mozambique and Angola. Our aim is to preserve the experiences of these eyewitnesses for the long term and make them accessible to new audiences.<\/p>\n<\/div>\n\n\n\n<div class=\"wp-block-group alignwide has-background is-layout-constrained wp-block-group-is-layout-constrained\" style=\"background-color:#af46ec\">\n<h3 class=\"wp-block-heading has-palette-color-4-color has-text-color has-link-color wp-elements-e7929cac1e628a94b26e99646c5bba0f\">Take part, remember, and pass it on<\/h3>\n\n\n\n<p class=\"has-palette-color-4-color has-text-color has-link-color wp-elements-c067bf1215944ce7e52232bb6b1c75db\">\u0110\u1ee9c\u2011Vi\u1ec7t thrives on people who wish to share their stories and support remembrance work. We welcome eyewitnesses, partners and anyone who makes use of our programmes in education, cultural work and research. Please get in touch if you would like to get involved, provide materials or develop events with us.<\/p>\n<\/div>\n\n\n\n<div class=\"wp-block-group alignwide has-palette-color-4-background-color has-background is-layout-constrained wp-block-group-is-layout-constrained\">\n<h4 class=\"wp-block-heading\" id=\"kontakt\"><em><a href=\"https:\/\/kulturaktiv.org\/en\/duc-viet\/\">\u0110\u1ee9c-Vi\u1ec7t<\/a><\/em><\/h4>\n\n\n\n<div class=\"wp-block-columns is-layout-flex wp-container-core-columns-is-layout-d0b3c9c8 wp-block-columns-is-layout-flex\">\n<div class=\"wp-block-column is-layout-flow wp-block-column-is-layout-flow\">\n<p class=\"has-small-font-size\"><em>German-Vietnamese life in Saxony \u2013 Contemporary witnesses from the GDR era, reunion and the present day<\/em><\/p>\n<\/div>\n\n\n\n<div class=\"wp-block-column is-layout-flow wp-block-column-is-layout-flow\">\n<p class=\"has-small-font-size\"><em><strong>Period<\/strong><br>01-12.2026<\/em><\/p>\n\n\n\n<p class=\"has-small-font-size\"><em><strong>Project partners<\/strong><br>Dr. Verena B\u00f6ll, Hung Cao The (Projektleitung)<\/em><\/p>\n\n\n\n<p class=\"has-small-font-size\"><em><strong>Cooperation partners<\/strong><br><a href=\"https:\/\/www.hoinguoivietdresden.de\/\">Verein der Vietnamesen in Dresden e.V.<\/a>, <a href=\"https:\/\/afropa.org\/\">Afropa \u2013 Verein f\u00fcr afrikanisch-europ\u00e4ische Verst\u00e4ndigung e.V.<\/a><\/em><\/p>\n<\/div>\n<\/div>\n\n\n\n<p class=\"has-small-font-size\"><strong><em>Supported by<\/em><\/strong><\/p>\n\n\n\n<div class=\"wp-block-columns is-layout-flex wp-container-core-columns-is-layout-d0b3c9c8 wp-block-columns-is-layout-flex\">\n<div class=\"wp-block-column is-layout-flow wp-block-column-is-layout-flow\">\n<p class=\"has-small-font-size\"><em>The project is funded by <a href=\"https:\/\/www.bundesstiftung-aufarbeitung.de\/de\/start\">Bundesstiftung zur Aufarbeitung der SED-Diktatur<\/a> (Federal Foundation for the Reappraisal of the SED Dictatorship), the <em><a href=\"https:\/\/www.ostsaechsische-sparkasse-dresden.de\/de\/home\/ihre-sparkasse\/gut-fuer-die-region.html\">Osts\u00e4chsische Sparkasse Dresden<\/a> <\/em>and <em><a href=\"https:\/\/www.sms.sachsen.de\/\">S\u00e4chsisches Staatsministerium f\u00fcr Soziales, Gesundheit und Gesellschaftlichen Zusammenhalt<\/a><\/em> (Saxon State Ministry for Social Affairs, Health and Social Cohesion). This initiative is co-financed by taxpayers\u2019 money under the budget approved by the Saxon State Parliament as part of the <em><a href=\"https:\/\/buergerstiftung-dresden.de\/ehrenamt\/ehrenamt-sachsen\/\">\u00bbWir f\u00fcr Sachsen\u00ab<\/a><\/em> funding programme.<\/em><\/p>\n<\/div>\n<\/div>\n\n\n\n<div class=\"wp-block-columns is-layout-flex wp-container-core-columns-is-layout-d0b3c9c8 wp-block-columns-is-layout-flex\">\n<div class=\"wp-block-column is-vertically-aligned-center is-layout-flow wp-block-column-is-layout-flow\">\n<figure class=\"wp-block-image aligncenter size-full is-resized is-style-default\"><a href=\"https:\/\/www.bundesstiftung-aufarbeitung.de\/de\/start\"><img loading=\"lazy\" decoding=\"async\" width=\"1299\" height=\"236\" src=\"https:\/\/kulturaktiv.org\/wp-content\/uploads\/2020\/07\/Logo-Bundesstiftung-Aufarbeitung.jpg\" alt=\"\" class=\"wp-image-45025\" style=\"object-fit:cover;width:185px;height:auto\"\/><\/a><\/figure>\n<\/div>\n\n\n\n<div class=\"wp-block-column is-vertically-aligned-center is-layout-flow wp-block-column-is-layout-flow\">\n<figure class=\"wp-block-image aligncenter size-full is-resized is-style-default\"><a href=\"https:\/\/www.ostsaechsische-sparkasse-dresden.de\/de\/home\/ihre-sparkasse\/gut-fuer-die-region.html\"><img loading=\"lazy\" decoding=\"async\" width=\"960\" height=\"274\" src=\"https:\/\/kulturaktiv.org\/wp-content\/uploads\/2026\/03\/Logo-Ostsaechsische-Sparkasse-Dresden.png\" alt=\"\" class=\"wp-image-79033\" style=\"width:185px\" srcset=\"https:\/\/kulturaktiv.org\/wp-content\/uploads\/2026\/03\/Logo-Ostsaechsische-Sparkasse-Dresden.png 960w, https:\/\/kulturaktiv.org\/wp-content\/uploads\/2026\/03\/Logo-Ostsaechsische-Sparkasse-Dresden-150x43.png 150w\" sizes=\"auto, (max-width: 960px) 100vw, 960px\" \/><\/a><\/figure>\n<\/div>\n<\/div>\n\n\n\n<div class=\"wp-block-columns is-layout-flex wp-container-core-columns-is-layout-d0b3c9c8 wp-block-columns-is-layout-flex\">\n<div class=\"wp-block-column is-vertically-aligned-center is-layout-flow wp-block-column-is-layout-flow\">\n<figure class=\"wp-block-image aligncenter size-full is-resized is-style-default\"><a href=\"https:\/\/www.sms.sachsen.de\/\"><img loading=\"lazy\" decoding=\"async\" width=\"480\" height=\"205\" src=\"https:\/\/kulturaktiv.org\/wp-content\/uploads\/2024\/06\/Logo-Sozialministerium-SMS_2020_1000x429.jpg\" alt=\"\" class=\"wp-image-72004\" style=\"aspect-ratio:2.3412781058529926;width:350px\" srcset=\"https:\/\/kulturaktiv.org\/wp-content\/uploads\/2024\/06\/Logo-Sozialministerium-SMS_2020_1000x429.jpg 480w, https:\/\/kulturaktiv.org\/wp-content\/uploads\/2024\/06\/Logo-Sozialministerium-SMS_2020_1000x429-150x64.jpg 150w\" sizes=\"auto, (max-width: 480px) 100vw, 480px\" \/><\/a><\/figure>\n<\/div>\n\n\n\n<div class=\"wp-block-column is-vertically-aligned-center is-layout-flow wp-block-column-is-layout-flow\">\n<figure class=\"wp-block-image aligncenter size-full is-resized is-style-default\"><a href=\"https:\/\/buergerstiftung-dresden.de\/ehrenamt\/ehrenamt-sachsen\/\"><img loading=\"lazy\" decoding=\"async\" width=\"768\" height=\"329\" src=\"https:\/\/kulturaktiv.org\/wp-content\/uploads\/2024\/06\/Logo-Wir-fuer-Sachsen-wfs_1000_429.png\" alt=\"\" class=\"wp-image-72006\" style=\"object-fit:cover;width:185px;height:auto\" srcset=\"https:\/\/kulturaktiv.org\/wp-content\/uploads\/2024\/06\/Logo-Wir-fuer-Sachsen-wfs_1000_429.png 768w, https:\/\/kulturaktiv.org\/wp-content\/uploads\/2024\/06\/Logo-Wir-fuer-Sachsen-wfs_1000_429-150x64.png 150w\" sizes=\"auto, (max-width: 768px) 100vw, 768px\" \/><\/a><\/figure>\n<\/div>\n<\/div>\n<\/div>\n","protected":false},"excerpt":{"rendered":"<p>German-Vietnamese life in Saxony \u2013 Contemporary witnesses from the GDR era, reunion and the present day<\/p>\n","protected":false},"author":3,"featured_media":79013,"comment_status":"closed","ping_status":"open","sticky":false,"template":"","format":"standard","meta":{"give_campaign_id":0,"footnotes":""},"categories":[1083,877,469,720,470],"tags":[],"class_list":["post-79062","post","type-post","status-publish","format-standard","has-post-thumbnail","hentry","category-2026-en","category-current-projects","category-dresden-en","category-nodate-en","category-projects"],"blocksy_meta":[],"_links":{"self":[{"href":"https:\/\/kulturaktiv.org\/en\/wp-json\/wp\/v2\/posts\/79062","targetHints":{"allow":["GET"]}}],"collection":[{"href":"https:\/\/kulturaktiv.org\/en\/wp-json\/wp\/v2\/posts"}],"about":[{"href":"https:\/\/kulturaktiv.org\/en\/wp-json\/wp\/v2\/types\/post"}],"author":[{"embeddable":true,"href":"https:\/\/kulturaktiv.org\/en\/wp-json\/wp\/v2\/users\/3"}],"replies":[{"embeddable":true,"href":"https:\/\/kulturaktiv.org\/en\/wp-json\/wp\/v2\/comments?post=79062"}],"version-history":[{"count":8,"href":"https:\/\/kulturaktiv.org\/en\/wp-json\/wp\/v2\/posts\/79062\/revisions"}],"predecessor-version":[{"id":79412,"href":"https:\/\/kulturaktiv.org\/en\/wp-json\/wp\/v2\/posts\/79062\/revisions\/79412"}],"wp:featuredmedia":[{"embeddable":true,"href":"https:\/\/kulturaktiv.org\/en\/wp-json\/wp\/v2\/media\/79013"}],"wp:attachment":[{"href":"https:\/\/kulturaktiv.org\/en\/wp-json\/wp\/v2\/media?parent=79062"}],"wp:term":[{"taxonomy":"category","embeddable":true,"href":"https:\/\/kulturaktiv.org\/en\/wp-json\/wp\/v2\/categories?post=79062"},{"taxonomy":"post_tag","embeddable":true,"href":"https:\/\/kulturaktiv.org\/en\/wp-json\/wp\/v2\/tags?post=79062"}],"curies":[{"name":"wp","href":"https:\/\/api.w.org\/{rel}","templated":true}]}}